{"id":10487,"date":"2020-08-20T00:00:00","date_gmt":"2020-08-20T00:00:00","guid":{"rendered":"https:\/\/abes.org.br\/?p=10487"},"modified":"2020-08-20T00:00:00","modified_gmt":"2020-08-20T00:00:00","slug":"sas-brasil-promove-acao-de-incentivo-a-capacitacao-de-parceiros-de-negocios","status":"publish","type":"post","link":"https:\/\/abes.org.br\/en\/sas-brasil-promove-acao-de-incentivo-a-capacitacao-de-parceiros-de-negocios\/","title":{"rendered":"SAS Brasil promotes action to encourage the training of business partners"},"content":{"rendered":"<div style=\"text-align: justify;\">\n<p>\n\tCapacita SAS Race will reward partners who take more courses offered by the company free of charge<\/p>\n<p>\tSAS, a global leader in analytics, is promoting, in Brazil, an action with the objective of encouraging the training of its business partners in the main technologies that make up its portfolio. The program, entitled Corrida Capacita SAS, will reward the partners who most complete the training courses offered by the company free of charge. The action ends on September 4 and is valid only for the commercial partners of SAS Brasil.<\/p>\n<p>\tReference in the analytics sector, SAS understands the importance of qualifying its business partners in offering technological solutions and, therefore, invests heavily in training through the platform <a href=\"https:\/\/www.sas.com\/profile\/ui\/#\/sign-in?fromURI=https:%2F%2Fauth.sas.com%2Fapp%2Fsasinstituteinc_ssologinsascom_1%2Fexk32x17z3ddVtwmJ2p7%2Fsso%2Fsaml%3FSAMLRequest%3DnVRLj9owEL7vr4h8hzwoj7UAKQVVpdpWFOgeelkNzmTXqmOnHmeh%2FfW1A0upuqUSt2gy%2Fvy9kjFBpWqeN%252B5Jr%2FB7g%252BSiaF8pTbx9M2GN1dwASeIaKiTuBF%2FnH%252B941k14bY0zwih2s5hPGGUDkQwHBY76%2FTK7zXplsU22aVpCOXoD%2FVHhB9kwKwd9Ft2jJWn0hHkYFi2IGlxocqCdHyVZ0klGnXS0SYc87fHe7VcWzT01qcG1p56cq4nHMXjeXQLqClPFUNexf5YeR7rGodTigcgo8%252BhHQH7lIY1x%2F62X7dPhz15R3Ltd9SGrh7HfioNcFr0zVmDrxoSVoAgDuSUQyWc8TZZH2W%252BlLqR%252BvOzR9rBE%2FP1ms%252Bzk1skShGNRToQ2qJkZTU2Fdo32WQr8srr7ra%2FlfhJoatSB6suJuEIHuZJAXpbb4Tammk1vxkEKbz21Z1lepgkvdNj04uXj%252BAz9eFfNP3m8xXxplBQ%2FrulP8L0C9%252B%2FttJu2E1l0ynaVYwVS5UVhkYhF62Wg8LkBJUuJ9j8OeveVMruZRXA%252BVmcbZNODsj%252B1nAQevw0s2m74AJx3%2FBqhM1PVYCWFFuM%252BNGF6yOsceKZ8HCssr0nv4prgIkD7cej0ztgidBmFF7axoKk21h0Tfo3PyaNX7fBmxX%2F%2FTqa%2FAA%253D%253D%26RelayState%3Ds26c076de855f2923fdb0b11faf84a58d3fd272f65\">PartnerNet<\/a>. The courses, offered for free, are worth points, and the more courses the professional from the partner company completes, the greater the chance of winning prizes. The first place will be awarded with a gift card worth R$ 1,500.00.<\/p>\n<p>\tIn addition, the partner with the largest number of employees with courses completed by September 4 will receive US$ 5 thousand in joint marketing funds, to be used until December 31 of this year. To participate, just complete the courses, send the photo of the certificate of completion and make a post on social networks with the hashtag #CorridaCapacitaSAS. Competitors must also send an email to <a href=\"http:\/\/jose.reis@sas.com\">jose.reis@sas.com<\/a>.<\/p>\n<p>\tAccording to Ana Minconi, manager of Alliances and Channels at SAS Brasil, the action aims to encourage and better qualify partners on the main technologies offered by the company. \u201cOur business partners are fundamental pieces for us to bring the best analytics technologies to the market. Qualifying them is fundamental, and rewarding is a way of recognizing this effort \u201d, he says.<\/p>\n<p>\tThe executive is very optimistic about the campaign and celebrates the good results achieved in the first week. &quot;In just one week, we have already engaged 44% from our active partner base, and 52 completed courses - which represents a growth of more than 200%, when compared to the weekly average of course completion in the last 18 months&quot;, he reveals.<\/p>\n<p>\tPartners can access <a href=\"https:\/\/linktr.ee\/sassoftwarebrasil?utm_source=targeted&amp;utm_medium=email&amp;utm_campaign=non-cbo-cala\">on here<\/a> the free courses offered by SAS and also the <a href=\"https:\/\/drive.google.com\/file\/d\/1jCWEHoaEMGyiJb9QqosZSkxO4jM5HpTy\/view\">regulation<\/a> of the Capacita SAS Race.<\/div>","protected":false},"excerpt":{"rendered":"<p>Corrida Capacita SAS vai premiar os parceiros que realizarem mais cursos oferecidos gratuitamente pela companhia O SAS, l&iacute;der global em analytics, est&aacute; promovendo, no Brasil, uma a&ccedil;&atilde;o com o objetivo de incentivar a capacita&ccedil;&atilde;o de seus parceiros de neg&oacute;cios nas principais tecnologias que comp&otilde;em seu portf&oacute;lio. O programa, intitulado Corrida Capacita SAS, vai premiar os [&hellip;]<\/p>\n","protected":false},"author":2,"featured_media":0,"comment_status":"closed","ping_status":"open","sticky":false,"template":"","format":"standard","meta":{"_acf_changed":false,"_et_pb_use_builder":"","_et_pb_old_content":"","_et_gb_content_width":"","footnotes":""},"categories":[19],"tags":[],"class_list":["post-10487","post","type-post","status-publish","format-standard","hentry","category-ultimas-noticias"],"acf":[],"yoast_head":"<!-- This site is optimized with the Yoast SEO plugin v27.3 - https:\/\/yoast.com\/product\/yoast-seo-wordpress\/ -->\n<title>SAS Brasil promove a\u00e7\u00e3o de incentivo \u00e0 capacita\u00e7\u00e3o de parceiros de neg\u00f3cios - ABES<\/title>\n<meta name=\"robots\" content=\"index, follow, max-snippet:-1, max-image-preview:large, max-video-preview:-1\" \/>\n<link rel=\"canonical\" href=\"https:\/\/abes.org.br\/en\/sas-brasil-promove-acao-de-incentivo-a-capacitacao-de-parceiros-de-negocios\/\" \/>\n<meta property=\"og:locale\" content=\"en_US\" \/>\n<meta property=\"og:type\" content=\"article\" \/>\n<meta property=\"og:title\" content=\"SAS Brasil promove a\u00e7\u00e3o de incentivo \u00e0 capacita\u00e7\u00e3o de parceiros de neg\u00f3cios - ABES\" \/>\n<meta property=\"og:description\" content=\"Corrida Capacita SAS vai premiar os parceiros que realizarem mais cursos oferecidos gratuitamente pela companhia O SAS, l&iacute;der global em analytics, est&aacute; promovendo, no Brasil, uma a&ccedil;&atilde;o com o objetivo de incentivar a capacita&ccedil;&atilde;o de seus parceiros de neg&oacute;cios nas principais tecnologias que comp&otilde;em seu portf&oacute;lio. O programa, intitulado Corrida Capacita SAS, vai premiar os [&hellip;]\" \/>\n<meta property=\"og:url\" content=\"https:\/\/abes.org.br\/en\/sas-brasil-promove-acao-de-incentivo-a-capacitacao-de-parceiros-de-negocios\/\" \/>\n<meta property=\"og:site_name\" content=\"ABES\" \/>\n<meta property=\"article:publisher\" content=\"https:\/\/www.facebook.com\/ABES.software\" \/>\n<meta property=\"article:published_time\" content=\"2020-08-20T00:00:00+00:00\" \/>\n<meta property=\"og:image\" content=\"https:\/\/abes.org.br\/wp-content\/uploads\/2021\/01\/logo_abes_marca_tagline_horizontal_colorido_rgb.png\" \/>\n\t<meta property=\"og:image:width\" content=\"3509\" \/>\n\t<meta property=\"og:image:height\" content=\"2482\" \/>\n\t<meta property=\"og:image:type\" content=\"image\/png\" \/>\n<meta name=\"author\" content=\"prima-dev\" \/>\n<meta name=\"twitter:card\" content=\"summary_large_image\" \/>\n<meta name=\"twitter:creator\" content=\"@ABES_SOFTWARE\" \/>\n<meta name=\"twitter:site\" content=\"@ABES_SOFTWARE\" \/>\n<meta name=\"twitter:label1\" content=\"Written by\" \/>\n\t<meta name=\"twitter:data1\" content=\"prima-dev\" \/>\n\t<meta name=\"twitter:label2\" content=\"Est. reading time\" \/>\n\t<meta name=\"twitter:data2\" content=\"2 minutes\" \/>\n<script type=\"application\/ld+json\" class=\"yoast-schema-graph\">{\"@context\":\"https:\\\/\\\/schema.org\",\"@graph\":[{\"@type\":\"Article\",\"@id\":\"https:\\\/\\\/abes.org.br\\\/en\\\/sas-brasil-promove-acao-de-incentivo-a-capacitacao-de-parceiros-de-negocios\\\/#article\",\"isPartOf\":{\"@id\":\"https:\\\/\\\/abes.org.br\\\/en\\\/sas-brasil-promove-acao-de-incentivo-a-capacitacao-de-parceiros-de-negocios\\\/\"},\"author\":{\"name\":\"prima-dev\",\"@id\":\"https:\\\/\\\/abes.org.br\\\/#\\\/schema\\\/person\\\/1bad6bff859e7d56ec5664b01968e27e\"},\"headline\":\"SAS Brasil promove a\u00e7\u00e3o de incentivo \u00e0 capacita\u00e7\u00e3o de parceiros de neg\u00f3cios\",\"datePublished\":\"2020-08-20T00:00:00+00:00\",\"mainEntityOfPage\":{\"@id\":\"https:\\\/\\\/abes.org.br\\\/en\\\/sas-brasil-promove-acao-de-incentivo-a-capacitacao-de-parceiros-de-negocios\\\/\"},\"wordCount\":471,\"publisher\":{\"@id\":\"https:\\\/\\\/abes.org.br\\\/#organization\"},\"articleSection\":[\"\u00daltimas not\u00edcias\"],\"inLanguage\":\"en-US\"},{\"@type\":\"WebPage\",\"@id\":\"https:\\\/\\\/abes.org.br\\\/en\\\/sas-brasil-promove-acao-de-incentivo-a-capacitacao-de-parceiros-de-negocios\\\/\",\"url\":\"https:\\\/\\\/abes.org.br\\\/en\\\/sas-brasil-promove-acao-de-incentivo-a-capacitacao-de-parceiros-de-negocios\\\/\",\"name\":\"SAS Brasil promove a\u00e7\u00e3o de incentivo \u00e0 capacita\u00e7\u00e3o de parceiros de neg\u00f3cios - ABES\",\"isPartOf\":{\"@id\":\"https:\\\/\\\/abes.org.br\\\/#website\"},\"datePublished\":\"2020-08-20T00:00:00+00:00\",\"breadcrumb\":{\"@id\":\"https:\\\/\\\/abes.org.br\\\/en\\\/sas-brasil-promove-acao-de-incentivo-a-capacitacao-de-parceiros-de-negocios\\\/#breadcrumb\"},\"inLanguage\":\"en-US\",\"potentialAction\":[{\"@type\":\"ReadAction\",\"target\":[\"https:\\\/\\\/abes.org.br\\\/en\\\/sas-brasil-promove-acao-de-incentivo-a-capacitacao-de-parceiros-de-negocios\\\/\"]}]},{\"@type\":\"BreadcrumbList\",\"@id\":\"https:\\\/\\\/abes.org.br\\\/en\\\/sas-brasil-promove-acao-de-incentivo-a-capacitacao-de-parceiros-de-negocios\\\/#breadcrumb\",\"itemListElement\":[{\"@type\":\"ListItem\",\"position\":1,\"name\":\"In\u00edcio\",\"item\":\"https:\\\/\\\/abes.org.br\\\/\"},{\"@type\":\"ListItem\",\"position\":2,\"name\":\"SAS Brasil promove a\u00e7\u00e3o de incentivo \u00e0 capacita\u00e7\u00e3o de parceiros de neg\u00f3cios\"}]},{\"@type\":\"WebSite\",\"@id\":\"https:\\\/\\\/abes.org.br\\\/#website\",\"url\":\"https:\\\/\\\/abes.org.br\\\/\",\"name\":\"ABES\",\"description\":\"Associa\u00e7\u00e3o Brasileira das Empresas de Software\",\"publisher\":{\"@id\":\"https:\\\/\\\/abes.org.br\\\/#organization\"},\"potentialAction\":[{\"@type\":\"SearchAction\",\"target\":{\"@type\":\"EntryPoint\",\"urlTemplate\":\"https:\\\/\\\/abes.org.br\\\/?s={search_term_string}\"},\"query-input\":{\"@type\":\"PropertyValueSpecification\",\"valueRequired\":true,\"valueName\":\"search_term_string\"}}],\"inLanguage\":\"en-US\"},{\"@type\":\"Organization\",\"@id\":\"https:\\\/\\\/abes.org.br\\\/#organization\",\"name\":\"Associa\u00e7\u00e3o Brasileira das Empresas de Software\",\"url\":\"https:\\\/\\\/abes.org.br\\\/\",\"logo\":{\"@type\":\"ImageObject\",\"inLanguage\":\"en-US\",\"@id\":\"https:\\\/\\\/abes.org.br\\\/#\\\/schema\\\/logo\\\/image\\\/\",\"url\":\"https:\\\/\\\/abes.org.br\\\/wp-content\\\/uploads\\\/2020\\\/09\\\/logo_abes_marca_d_tagline_horizontal_verde-amarelo_cmyk.png\",\"contentUrl\":\"https:\\\/\\\/abes.org.br\\\/wp-content\\\/uploads\\\/2020\\\/09\\\/logo_abes_marca_d_tagline_horizontal_verde-amarelo_cmyk.png\",\"width\":324,\"height\":70,\"caption\":\"Associa\u00e7\u00e3o Brasileira das Empresas de Software\"},\"image\":{\"@id\":\"https:\\\/\\\/abes.org.br\\\/#\\\/schema\\\/logo\\\/image\\\/\"},\"sameAs\":[\"https:\\\/\\\/www.facebook.com\\\/ABES.software\",\"https:\\\/\\\/x.com\\\/ABES_SOFTWARE\",\"https:\\\/\\\/www.linkedin.com\\\/company\\\/abes-software\\\/\",\"https:\\\/\\\/www.instagram.com\\\/abes_software\\\/\"]},{\"@type\":\"Person\",\"@id\":\"https:\\\/\\\/abes.org.br\\\/#\\\/schema\\\/person\\\/1bad6bff859e7d56ec5664b01968e27e\",\"name\":\"prima-dev\",\"image\":{\"@type\":\"ImageObject\",\"inLanguage\":\"en-US\",\"@id\":\"https:\\\/\\\/secure.gravatar.com\\\/avatar\\\/039c6325210cecd393c57645bc755f7d13deed578fddf4dbfa87bc05dcbcfa4b?s=96&d=mm&r=g\",\"url\":\"https:\\\/\\\/secure.gravatar.com\\\/avatar\\\/039c6325210cecd393c57645bc755f7d13deed578fddf4dbfa87bc05dcbcfa4b?s=96&d=mm&r=g\",\"contentUrl\":\"https:\\\/\\\/secure.gravatar.com\\\/avatar\\\/039c6325210cecd393c57645bc755f7d13deed578fddf4dbfa87bc05dcbcfa4b?s=96&d=mm&r=g\",\"caption\":\"prima-dev\"},\"url\":\"https:\\\/\\\/abes.org.br\\\/en\\\/author\\\/prima-dev\\\/\"}]}<\/script>\n<!-- \/ Yoast SEO plugin. -->","yoast_head_json":{"title":"SAS Brasil promove a\u00e7\u00e3o de incentivo \u00e0 capacita\u00e7\u00e3o de parceiros de neg\u00f3cios - ABES","robots":{"index":"index","follow":"follow","max-snippet":"max-snippet:-1","max-image-preview":"max-image-preview:large","max-video-preview":"max-video-preview:-1"},"canonical":"https:\/\/abes.org.br\/en\/sas-brasil-promove-acao-de-incentivo-a-capacitacao-de-parceiros-de-negocios\/","og_locale":"en_US","og_type":"article","og_title":"SAS Brasil promove a\u00e7\u00e3o de incentivo \u00e0 capacita\u00e7\u00e3o de parceiros de neg\u00f3cios - ABES","og_description":"Corrida Capacita SAS vai premiar os parceiros que realizarem mais cursos oferecidos gratuitamente pela companhia O SAS, l&iacute;der global em analytics, est&aacute; promovendo, no Brasil, uma a&ccedil;&atilde;o com o objetivo de incentivar a capacita&ccedil;&atilde;o de seus parceiros de neg&oacute;cios nas principais tecnologias que comp&otilde;em seu portf&oacute;lio. O programa, intitulado Corrida Capacita SAS, vai premiar os [&hellip;]","og_url":"https:\/\/abes.org.br\/en\/sas-brasil-promove-acao-de-incentivo-a-capacitacao-de-parceiros-de-negocios\/","og_site_name":"ABES","article_publisher":"https:\/\/www.facebook.com\/ABES.software","article_published_time":"2020-08-20T00:00:00+00:00","og_image":[{"width":3509,"height":2482,"url":"https:\/\/abes.org.br\/wp-content\/uploads\/2021\/01\/logo_abes_marca_tagline_horizontal_colorido_rgb.png","type":"image\/png"}],"author":"prima-dev","twitter_card":"summary_large_image","twitter_creator":"@ABES_SOFTWARE","twitter_site":"@ABES_SOFTWARE","twitter_misc":{"Written by":"prima-dev","Est. reading time":"2 minutes"},"schema":{"@context":"https:\/\/schema.org","@graph":[{"@type":"Article","@id":"https:\/\/abes.org.br\/en\/sas-brasil-promove-acao-de-incentivo-a-capacitacao-de-parceiros-de-negocios\/#article","isPartOf":{"@id":"https:\/\/abes.org.br\/en\/sas-brasil-promove-acao-de-incentivo-a-capacitacao-de-parceiros-de-negocios\/"},"author":{"name":"prima-dev","@id":"https:\/\/abes.org.br\/#\/schema\/person\/1bad6bff859e7d56ec5664b01968e27e"},"headline":"SAS Brasil promove a\u00e7\u00e3o de incentivo \u00e0 capacita\u00e7\u00e3o de parceiros de neg\u00f3cios","datePublished":"2020-08-20T00:00:00+00:00","mainEntityOfPage":{"@id":"https:\/\/abes.org.br\/en\/sas-brasil-promove-acao-de-incentivo-a-capacitacao-de-parceiros-de-negocios\/"},"wordCount":471,"publisher":{"@id":"https:\/\/abes.org.br\/#organization"},"articleSection":["\u00daltimas not\u00edcias"],"inLanguage":"en-US"},{"@type":"WebPage","@id":"https:\/\/abes.org.br\/en\/sas-brasil-promove-acao-de-incentivo-a-capacitacao-de-parceiros-de-negocios\/","url":"https:\/\/abes.org.br\/en\/sas-brasil-promove-acao-de-incentivo-a-capacitacao-de-parceiros-de-negocios\/","name":"SAS Brasil promove a\u00e7\u00e3o de incentivo \u00e0 capacita\u00e7\u00e3o de parceiros de neg\u00f3cios - ABES","isPartOf":{"@id":"https:\/\/abes.org.br\/#website"},"datePublished":"2020-08-20T00:00:00+00:00","breadcrumb":{"@id":"https:\/\/abes.org.br\/en\/sas-brasil-promove-acao-de-incentivo-a-capacitacao-de-parceiros-de-negocios\/#breadcrumb"},"inLanguage":"en-US","potentialAction":[{"@type":"ReadAction","target":["https:\/\/abes.org.br\/en\/sas-brasil-promove-acao-de-incentivo-a-capacitacao-de-parceiros-de-negocios\/"]}]},{"@type":"BreadcrumbList","@id":"https:\/\/abes.org.br\/en\/sas-brasil-promove-acao-de-incentivo-a-capacitacao-de-parceiros-de-negocios\/#breadcrumb","itemListElement":[{"@type":"ListItem","position":1,"name":"In\u00edcio","item":"https:\/\/abes.org.br\/"},{"@type":"ListItem","position":2,"name":"SAS Brasil promove a\u00e7\u00e3o de incentivo \u00e0 capacita\u00e7\u00e3o de parceiros de neg\u00f3cios"}]},{"@type":"WebSite","@id":"https:\/\/abes.org.br\/#website","url":"https:\/\/abes.org.br\/","name":"ABES","description":"Brazilian Association of Software Companies","publisher":{"@id":"https:\/\/abes.org.br\/#organization"},"potentialAction":[{"@type":"SearchAction","target":{"@type":"EntryPoint","urlTemplate":"https:\/\/abes.org.br\/?s={search_term_string}"},"query-input":{"@type":"PropertyValueSpecification","valueRequired":true,"valueName":"search_term_string"}}],"inLanguage":"en-US"},{"@type":"Organization","@id":"https:\/\/abes.org.br\/#organization","name":"Brazilian Association of Software Companies","url":"https:\/\/abes.org.br\/","logo":{"@type":"ImageObject","inLanguage":"en-US","@id":"https:\/\/abes.org.br\/#\/schema\/logo\/image\/","url":"https:\/\/abes.org.br\/wp-content\/uploads\/2020\/09\/logo_abes_marca_d_tagline_horizontal_verde-amarelo_cmyk.png","contentUrl":"https:\/\/abes.org.br\/wp-content\/uploads\/2020\/09\/logo_abes_marca_d_tagline_horizontal_verde-amarelo_cmyk.png","width":324,"height":70,"caption":"Associa\u00e7\u00e3o Brasileira das Empresas de Software"},"image":{"@id":"https:\/\/abes.org.br\/#\/schema\/logo\/image\/"},"sameAs":["https:\/\/www.facebook.com\/ABES.software","https:\/\/x.com\/ABES_SOFTWARE","https:\/\/www.linkedin.com\/company\/abes-software\/","https:\/\/www.instagram.com\/abes_software\/"]},{"@type":"Person","@id":"https:\/\/abes.org.br\/#\/schema\/person\/1bad6bff859e7d56ec5664b01968e27e","name":"prima-dev","image":{"@type":"ImageObject","inLanguage":"en-US","@id":"https:\/\/secure.gravatar.com\/avatar\/039c6325210cecd393c57645bc755f7d13deed578fddf4dbfa87bc05dcbcfa4b?s=96&d=mm&r=g","url":"https:\/\/secure.gravatar.com\/avatar\/039c6325210cecd393c57645bc755f7d13deed578fddf4dbfa87bc05dcbcfa4b?s=96&d=mm&r=g","contentUrl":"https:\/\/secure.gravatar.com\/avatar\/039c6325210cecd393c57645bc755f7d13deed578fddf4dbfa87bc05dcbcfa4b?s=96&d=mm&r=g","caption":"prima-dev"},"url":"https:\/\/abes.org.br\/en\/author\/prima-dev\/"}]}},"publishpress_future_action":{"enabled":false,"date":"2026-05-03 16:33:01","action":"change-status","newStatus":"draft","terms":[],"taxonomy":"category","extraData":[]},"publishpress_future_workflow_manual_trigger":{"enabledWorkflows":[]},"_links":{"self":[{"href":"https:\/\/abes.org.br\/en\/wp-json\/wp\/v2\/posts\/10487","targetHints":{"allow":["GET"]}}],"collection":[{"href":"https:\/\/abes.org.br\/en\/wp-json\/wp\/v2\/posts"}],"about":[{"href":"https:\/\/abes.org.br\/en\/wp-json\/wp\/v2\/types\/post"}],"author":[{"embeddable":true,"href":"https:\/\/abes.org.br\/en\/wp-json\/wp\/v2\/users\/2"}],"replies":[{"embeddable":true,"href":"https:\/\/abes.org.br\/en\/wp-json\/wp\/v2\/comments?post=10487"}],"version-history":[{"count":0,"href":"https:\/\/abes.org.br\/en\/wp-json\/wp\/v2\/posts\/10487\/revisions"}],"wp:attachment":[{"href":"https:\/\/abes.org.br\/en\/wp-json\/wp\/v2\/media?parent=10487"}],"wp:term":[{"taxonomy":"category","embeddable":true,"href":"https:\/\/abes.org.br\/en\/wp-json\/wp\/v2\/categories?post=10487"},{"taxonomy":"post_tag","embeddable":true,"href":"https:\/\/abes.org.br\/en\/wp-json\/wp\/v2\/tags?post=10487"}],"curies":[{"name":"wp","href":"https:\/\/api.w.org\/{rel}","templated":true}]}}