{"id":10482,"date":"2020-08-18T00:00:00","date_gmt":"2020-08-18T00:00:00","guid":{"rendered":"https:\/\/abes.org.br\/?p=10482"},"modified":"2020-08-18T00:00:00","modified_gmt":"2020-08-18T00:00:00","slug":"beneficencia-portuguesa-de-sao-paulo-e-salesforce-colaboram-em-projeto-que-leva-conhecimento-em-saude-a-populacao-brasil","status":"publish","type":"post","link":"https:\/\/abes.org.br\/en\/beneficencia-portuguesa-de-sao-paulo-e-salesforce-colaboram-em-projeto-que-leva-conhecimento-em-saude-a-populacao-brasil\/","title":{"rendered":"Benefic\u00eancia Portuguesa of S\u00e3o Paulo and Salesforce collaborate in a project that brings health knowledge to the population"},"content":{"rendered":"<div style=\"text-align: justify;\">\n<p>\n\tThe objective is to disseminate content validated by physicians and inform the population about issues related to Covid-19 through a digital platform with free access<\/p>\n<p>\tBP \u2013 Benefic\u00eancia Portuguesa of S\u00e3o Paulo, one of the largest and most important private health centers in the country, in partnership with Salesforce, a world reference in customer relationship management (CRM), launched COVID-Info, a platform content based on artificial intelligence.<\/p>\n<p>\tDeveloped based on the Community Cloud, the platform aims to provide information validated by doctors and specialists from BP \u2013 A Benefic\u00eancia Portuguesa de S\u00e3o Paulo to help the population better understand and know how to protect themselves from Covid-19.<\/p>\n<p>\tThe initiative was also supported by technology consulting company Everymind, a Salesforce partner, which donated hours of work to set up the community portal. The online tool is available at the address <a href=\"http:\/\/covidinfo.force.com\">http:\/\/covidinfo.force.com<\/a> .<\/p>\n<p>\tThe content available on COVID-Info is completely free and will always be updated, taking into account the guidelines of the World Health Organization (WHO), Ministry of Health, Federal Council of Medicine (CFM), and the Centers for Disease Control and Prevention ( CDC), from the USA. The materials are grouped by subject and the tool allows citizens to also search for specific topics of interest and even direct questions directly to BP experts.<\/p>\n<p>\t&quot;Since the beginning of the Covid-19 pandemic, our team has been producing a series of content in different formats for the audiences we interact with. And now we are making this entire collection available through a very user-friendly and intuitive platform. of misinformation, being able to offer this content, which is always very rigorously verified by our experts, is a real service to the population, especially for those who are not physically close to us&quot;, says Denise Santos, CEO of BP \u2013 A Benefic\u00eancia Portuguesa de S\u00e3o Paulo.<\/p>\n<p>\tMore than 530 million people around the world use Salesforce Community Cloud to delve into topics of interest. &quot;COVID-Info highlights Salesforce&#039;s commitment to supporting communities, as the solutions used by BP \u2013 A Benefic\u00eancia Portuguesa de S\u00e3o Paulo, such as Salesforce CMS and Community Cloud, were provided by Salesforce Care, a set of Salesforce products available free of charge for a limited period, to support communities in the fight against Covid-19&quot;, explains Fabio Costa, General Manager of Salesforce Brasil. &quot;While expanding understanding of the pandemic, BP \u2013 A Benefic\u00eancia Portuguesa de S\u00e3o Paulo provides an invaluable service and draws closer to the community.&quot;<\/p><\/div>","protected":false},"excerpt":{"rendered":"<p>Objetivo &eacute; disseminar conte&uacute;dos validados por m&eacute;dicos e esclarecer a popula&ccedil;&atilde;o sobre assuntos relacionados &agrave; Covid-19 por meio de uma plataforma digital de acesso gratuito A BP &#8211; A Benefic&ecirc;ncia Portuguesa de S&atilde;o Paulo, um dos maiores e mais importantes polos de sa&uacute;de privados do Pa&iacute;s, em parceria com a Salesforce, refer&ecirc;ncia mundial em gest&atilde;o [&hellip;]<\/p>\n","protected":false},"author":2,"featured_media":0,"comment_status":"closed","ping_status":"open","sticky":false,"template":"","format":"standard","meta":{"_acf_changed":false,"_et_pb_use_builder":"","_et_pb_old_content":"","_et_gb_content_width":"","footnotes":""},"categories":[19],"tags":[],"class_list":["post-10482","post","type-post","status-publish","format-standard","hentry","category-ultimas-noticias"],"acf":[],"yoast_head":"<!-- This site is optimized with the Yoast SEO plugin v27.3 - https:\/\/yoast.com\/product\/yoast-seo-wordpress\/ -->\n<title>Benefic\u00eancia Portuguesa de S\u00e3o Paulo e Salesforce colaboram em projeto que leva conhecimento em sa\u00fade \u00e0 popula\u00e7\u00e3o - ABES<\/title>\n<meta name=\"robots\" content=\"index, follow, max-snippet:-1, max-image-preview:large, max-video-preview:-1\" \/>\n<link rel=\"canonical\" href=\"https:\/\/abes.org.br\/en\/beneficencia-portuguesa-de-sao-paulo-e-salesforce-colaboram-em-projeto-que-leva-conhecimento-em-saude-a-populacao-brasil\/\" \/>\n<meta property=\"og:locale\" content=\"en_US\" \/>\n<meta property=\"og:type\" content=\"article\" \/>\n<meta property=\"og:title\" content=\"Benefic\u00eancia Portuguesa de S\u00e3o Paulo e Salesforce colaboram em projeto que leva conhecimento em sa\u00fade \u00e0 popula\u00e7\u00e3o - ABES\" \/>\n<meta property=\"og:description\" content=\"Objetivo &eacute; disseminar conte&uacute;dos validados por m&eacute;dicos e esclarecer a popula&ccedil;&atilde;o sobre assuntos relacionados &agrave; Covid-19 por meio de uma plataforma digital de acesso gratuito A BP &#8211; A Benefic&ecirc;ncia Portuguesa de S&atilde;o Paulo, um dos maiores e mais importantes polos de sa&uacute;de privados do Pa&iacute;s, em parceria com a Salesforce, refer&ecirc;ncia mundial em gest&atilde;o [&hellip;]\" \/>\n<meta property=\"og:url\" content=\"https:\/\/abes.org.br\/en\/beneficencia-portuguesa-de-sao-paulo-e-salesforce-colaboram-em-projeto-que-leva-conhecimento-em-saude-a-populacao-brasil\/\" \/>\n<meta property=\"og:site_name\" content=\"ABES\" \/>\n<meta property=\"article:publisher\" content=\"https:\/\/www.facebook.com\/ABES.software\" \/>\n<meta property=\"article:published_time\" content=\"2020-08-18T00:00:00+00:00\" \/>\n<meta property=\"og:image\" content=\"https:\/\/abes.org.br\/wp-content\/uploads\/2021\/01\/logo_abes_marca_tagline_horizontal_colorido_rgb.png\" \/>\n\t<meta property=\"og:image:width\" content=\"3509\" \/>\n\t<meta property=\"og:image:height\" content=\"2482\" \/>\n\t<meta property=\"og:image:type\" content=\"image\/png\" \/>\n<meta name=\"author\" content=\"prima-dev\" \/>\n<meta name=\"twitter:card\" content=\"summary_large_image\" \/>\n<meta name=\"twitter:creator\" content=\"@ABES_SOFTWARE\" \/>\n<meta name=\"twitter:site\" content=\"@ABES_SOFTWARE\" \/>\n<meta name=\"twitter:label1\" content=\"Written by\" \/>\n\t<meta name=\"twitter:data1\" content=\"prima-dev\" \/>\n\t<meta name=\"twitter:label2\" content=\"Est. reading time\" \/>\n\t<meta name=\"twitter:data2\" content=\"3 minutes\" \/>\n<script type=\"application\/ld+json\" class=\"yoast-schema-graph\">{\"@context\":\"https:\\\/\\\/schema.org\",\"@graph\":[{\"@type\":\"Article\",\"@id\":\"https:\\\/\\\/abes.org.br\\\/beneficencia-portuguesa-de-sao-paulo-e-salesforce-colaboram-em-projeto-que-leva-conhecimento-em-saude-a-populacao-brasil\\\/#article\",\"isPartOf\":{\"@id\":\"https:\\\/\\\/abes.org.br\\\/beneficencia-portuguesa-de-sao-paulo-e-salesforce-colaboram-em-projeto-que-leva-conhecimento-em-saude-a-populacao-brasil\\\/\"},\"author\":{\"name\":\"prima-dev\",\"@id\":\"https:\\\/\\\/abes.org.br\\\/#\\\/schema\\\/person\\\/1bad6bff859e7d56ec5664b01968e27e\"},\"headline\":\"Benefic\u00eancia Portuguesa de S\u00e3o Paulo e Salesforce colaboram em projeto que leva conhecimento em sa\u00fade \u00e0 popula\u00e7\u00e3o\",\"datePublished\":\"2020-08-18T00:00:00+00:00\",\"mainEntityOfPage\":{\"@id\":\"https:\\\/\\\/abes.org.br\\\/beneficencia-portuguesa-de-sao-paulo-e-salesforce-colaboram-em-projeto-que-leva-conhecimento-em-saude-a-populacao-brasil\\\/\"},\"wordCount\":579,\"publisher\":{\"@id\":\"https:\\\/\\\/abes.org.br\\\/#organization\"},\"articleSection\":[\"\u00daltimas not\u00edcias\"],\"inLanguage\":\"en-US\"},{\"@type\":\"WebPage\",\"@id\":\"https:\\\/\\\/abes.org.br\\\/beneficencia-portuguesa-de-sao-paulo-e-salesforce-colaboram-em-projeto-que-leva-conhecimento-em-saude-a-populacao-brasil\\\/\",\"url\":\"https:\\\/\\\/abes.org.br\\\/beneficencia-portuguesa-de-sao-paulo-e-salesforce-colaboram-em-projeto-que-leva-conhecimento-em-saude-a-populacao-brasil\\\/\",\"name\":\"Benefic\u00eancia Portuguesa de S\u00e3o Paulo e Salesforce colaboram em projeto que leva conhecimento em sa\u00fade \u00e0 popula\u00e7\u00e3o - ABES\",\"isPartOf\":{\"@id\":\"https:\\\/\\\/abes.org.br\\\/#website\"},\"datePublished\":\"2020-08-18T00:00:00+00:00\",\"breadcrumb\":{\"@id\":\"https:\\\/\\\/abes.org.br\\\/beneficencia-portuguesa-de-sao-paulo-e-salesforce-colaboram-em-projeto-que-leva-conhecimento-em-saude-a-populacao-brasil\\\/#breadcrumb\"},\"inLanguage\":\"en-US\",\"potentialAction\":[{\"@type\":\"ReadAction\",\"target\":[\"https:\\\/\\\/abes.org.br\\\/beneficencia-portuguesa-de-sao-paulo-e-salesforce-colaboram-em-projeto-que-leva-conhecimento-em-saude-a-populacao-brasil\\\/\"]}]},{\"@type\":\"BreadcrumbList\",\"@id\":\"https:\\\/\\\/abes.org.br\\\/beneficencia-portuguesa-de-sao-paulo-e-salesforce-colaboram-em-projeto-que-leva-conhecimento-em-saude-a-populacao-brasil\\\/#breadcrumb\",\"itemListElement\":[{\"@type\":\"ListItem\",\"position\":1,\"name\":\"In\u00edcio\",\"item\":\"https:\\\/\\\/abes.org.br\\\/\"},{\"@type\":\"ListItem\",\"position\":2,\"name\":\"Benefic\u00eancia Portuguesa de S\u00e3o Paulo e Salesforce colaboram em projeto que leva conhecimento em sa\u00fade \u00e0 popula\u00e7\u00e3o\"}]},{\"@type\":\"WebSite\",\"@id\":\"https:\\\/\\\/abes.org.br\\\/#website\",\"url\":\"https:\\\/\\\/abes.org.br\\\/\",\"name\":\"ABES\",\"description\":\"Associa\u00e7\u00e3o Brasileira das Empresas de Software\",\"publisher\":{\"@id\":\"https:\\\/\\\/abes.org.br\\\/#organization\"},\"potentialAction\":[{\"@type\":\"SearchAction\",\"target\":{\"@type\":\"EntryPoint\",\"urlTemplate\":\"https:\\\/\\\/abes.org.br\\\/?s={search_term_string}\"},\"query-input\":{\"@type\":\"PropertyValueSpecification\",\"valueRequired\":true,\"valueName\":\"search_term_string\"}}],\"inLanguage\":\"en-US\"},{\"@type\":\"Organization\",\"@id\":\"https:\\\/\\\/abes.org.br\\\/#organization\",\"name\":\"Associa\u00e7\u00e3o Brasileira das Empresas de Software\",\"url\":\"https:\\\/\\\/abes.org.br\\\/\",\"logo\":{\"@type\":\"ImageObject\",\"inLanguage\":\"en-US\",\"@id\":\"https:\\\/\\\/abes.org.br\\\/#\\\/schema\\\/logo\\\/image\\\/\",\"url\":\"https:\\\/\\\/abes.org.br\\\/wp-content\\\/uploads\\\/2020\\\/09\\\/logo_abes_marca_d_tagline_horizontal_verde-amarelo_cmyk.png\",\"contentUrl\":\"https:\\\/\\\/abes.org.br\\\/wp-content\\\/uploads\\\/2020\\\/09\\\/logo_abes_marca_d_tagline_horizontal_verde-amarelo_cmyk.png\",\"width\":324,\"height\":70,\"caption\":\"Associa\u00e7\u00e3o Brasileira das Empresas de Software\"},\"image\":{\"@id\":\"https:\\\/\\\/abes.org.br\\\/#\\\/schema\\\/logo\\\/image\\\/\"},\"sameAs\":[\"https:\\\/\\\/www.facebook.com\\\/ABES.software\",\"https:\\\/\\\/x.com\\\/ABES_SOFTWARE\",\"https:\\\/\\\/www.linkedin.com\\\/company\\\/abes-software\\\/\",\"https:\\\/\\\/www.instagram.com\\\/abes_software\\\/\"]},{\"@type\":\"Person\",\"@id\":\"https:\\\/\\\/abes.org.br\\\/#\\\/schema\\\/person\\\/1bad6bff859e7d56ec5664b01968e27e\",\"name\":\"prima-dev\",\"image\":{\"@type\":\"ImageObject\",\"inLanguage\":\"en-US\",\"@id\":\"https:\\\/\\\/secure.gravatar.com\\\/avatar\\\/039c6325210cecd393c57645bc755f7d13deed578fddf4dbfa87bc05dcbcfa4b?s=96&d=mm&r=g\",\"url\":\"https:\\\/\\\/secure.gravatar.com\\\/avatar\\\/039c6325210cecd393c57645bc755f7d13deed578fddf4dbfa87bc05dcbcfa4b?s=96&d=mm&r=g\",\"contentUrl\":\"https:\\\/\\\/secure.gravatar.com\\\/avatar\\\/039c6325210cecd393c57645bc755f7d13deed578fddf4dbfa87bc05dcbcfa4b?s=96&d=mm&r=g\",\"caption\":\"prima-dev\"},\"url\":\"https:\\\/\\\/abes.org.br\\\/en\\\/author\\\/prima-dev\\\/\"}]}<\/script>\n<!-- \/ Yoast SEO plugin. -->","yoast_head_json":{"title":"Benefic\u00eancia Portuguesa de S\u00e3o Paulo e Salesforce colaboram em projeto que leva conhecimento em sa\u00fade \u00e0 popula\u00e7\u00e3o - ABES","robots":{"index":"index","follow":"follow","max-snippet":"max-snippet:-1","max-image-preview":"max-image-preview:large","max-video-preview":"max-video-preview:-1"},"canonical":"https:\/\/abes.org.br\/en\/beneficencia-portuguesa-de-sao-paulo-e-salesforce-colaboram-em-projeto-que-leva-conhecimento-em-saude-a-populacao-brasil\/","og_locale":"en_US","og_type":"article","og_title":"Benefic\u00eancia Portuguesa de S\u00e3o Paulo e Salesforce colaboram em projeto que leva conhecimento em sa\u00fade \u00e0 popula\u00e7\u00e3o - ABES","og_description":"Objetivo &eacute; disseminar conte&uacute;dos validados por m&eacute;dicos e esclarecer a popula&ccedil;&atilde;o sobre assuntos relacionados &agrave; Covid-19 por meio de uma plataforma digital de acesso gratuito A BP &#8211; A Benefic&ecirc;ncia Portuguesa de S&atilde;o Paulo, um dos maiores e mais importantes polos de sa&uacute;de privados do Pa&iacute;s, em parceria com a Salesforce, refer&ecirc;ncia mundial em gest&atilde;o [&hellip;]","og_url":"https:\/\/abes.org.br\/en\/beneficencia-portuguesa-de-sao-paulo-e-salesforce-colaboram-em-projeto-que-leva-conhecimento-em-saude-a-populacao-brasil\/","og_site_name":"ABES","article_publisher":"https:\/\/www.facebook.com\/ABES.software","article_published_time":"2020-08-18T00:00:00+00:00","og_image":[{"width":3509,"height":2482,"url":"https:\/\/abes.org.br\/wp-content\/uploads\/2021\/01\/logo_abes_marca_tagline_horizontal_colorido_rgb.png","type":"image\/png"}],"author":"prima-dev","twitter_card":"summary_large_image","twitter_creator":"@ABES_SOFTWARE","twitter_site":"@ABES_SOFTWARE","twitter_misc":{"Written by":"prima-dev","Est. reading time":"3 minutes"},"schema":{"@context":"https:\/\/schema.org","@graph":[{"@type":"Article","@id":"https:\/\/abes.org.br\/beneficencia-portuguesa-de-sao-paulo-e-salesforce-colaboram-em-projeto-que-leva-conhecimento-em-saude-a-populacao-brasil\/#article","isPartOf":{"@id":"https:\/\/abes.org.br\/beneficencia-portuguesa-de-sao-paulo-e-salesforce-colaboram-em-projeto-que-leva-conhecimento-em-saude-a-populacao-brasil\/"},"author":{"name":"prima-dev","@id":"https:\/\/abes.org.br\/#\/schema\/person\/1bad6bff859e7d56ec5664b01968e27e"},"headline":"Benefic\u00eancia Portuguesa de S\u00e3o Paulo e Salesforce colaboram em projeto que leva conhecimento em sa\u00fade \u00e0 popula\u00e7\u00e3o","datePublished":"2020-08-18T00:00:00+00:00","mainEntityOfPage":{"@id":"https:\/\/abes.org.br\/beneficencia-portuguesa-de-sao-paulo-e-salesforce-colaboram-em-projeto-que-leva-conhecimento-em-saude-a-populacao-brasil\/"},"wordCount":579,"publisher":{"@id":"https:\/\/abes.org.br\/#organization"},"articleSection":["\u00daltimas not\u00edcias"],"inLanguage":"en-US"},{"@type":"WebPage","@id":"https:\/\/abes.org.br\/beneficencia-portuguesa-de-sao-paulo-e-salesforce-colaboram-em-projeto-que-leva-conhecimento-em-saude-a-populacao-brasil\/","url":"https:\/\/abes.org.br\/beneficencia-portuguesa-de-sao-paulo-e-salesforce-colaboram-em-projeto-que-leva-conhecimento-em-saude-a-populacao-brasil\/","name":"Benefic\u00eancia Portuguesa de S\u00e3o Paulo e Salesforce colaboram em projeto que leva conhecimento em sa\u00fade \u00e0 popula\u00e7\u00e3o - ABES","isPartOf":{"@id":"https:\/\/abes.org.br\/#website"},"datePublished":"2020-08-18T00:00:00+00:00","breadcrumb":{"@id":"https:\/\/abes.org.br\/beneficencia-portuguesa-de-sao-paulo-e-salesforce-colaboram-em-projeto-que-leva-conhecimento-em-saude-a-populacao-brasil\/#breadcrumb"},"inLanguage":"en-US","potentialAction":[{"@type":"ReadAction","target":["https:\/\/abes.org.br\/beneficencia-portuguesa-de-sao-paulo-e-salesforce-colaboram-em-projeto-que-leva-conhecimento-em-saude-a-populacao-brasil\/"]}]},{"@type":"BreadcrumbList","@id":"https:\/\/abes.org.br\/beneficencia-portuguesa-de-sao-paulo-e-salesforce-colaboram-em-projeto-que-leva-conhecimento-em-saude-a-populacao-brasil\/#breadcrumb","itemListElement":[{"@type":"ListItem","position":1,"name":"In\u00edcio","item":"https:\/\/abes.org.br\/"},{"@type":"ListItem","position":2,"name":"Benefic\u00eancia Portuguesa de S\u00e3o Paulo e Salesforce colaboram em projeto que leva conhecimento em sa\u00fade \u00e0 popula\u00e7\u00e3o"}]},{"@type":"WebSite","@id":"https:\/\/abes.org.br\/#website","url":"https:\/\/abes.org.br\/","name":"ABES","description":"Brazilian Association of Software Companies","publisher":{"@id":"https:\/\/abes.org.br\/#organization"},"potentialAction":[{"@type":"SearchAction","target":{"@type":"EntryPoint","urlTemplate":"https:\/\/abes.org.br\/?s={search_term_string}"},"query-input":{"@type":"PropertyValueSpecification","valueRequired":true,"valueName":"search_term_string"}}],"inLanguage":"en-US"},{"@type":"Organization","@id":"https:\/\/abes.org.br\/#organization","name":"Brazilian Association of Software Companies","url":"https:\/\/abes.org.br\/","logo":{"@type":"ImageObject","inLanguage":"en-US","@id":"https:\/\/abes.org.br\/#\/schema\/logo\/image\/","url":"https:\/\/abes.org.br\/wp-content\/uploads\/2020\/09\/logo_abes_marca_d_tagline_horizontal_verde-amarelo_cmyk.png","contentUrl":"https:\/\/abes.org.br\/wp-content\/uploads\/2020\/09\/logo_abes_marca_d_tagline_horizontal_verde-amarelo_cmyk.png","width":324,"height":70,"caption":"Associa\u00e7\u00e3o Brasileira das Empresas de Software"},"image":{"@id":"https:\/\/abes.org.br\/#\/schema\/logo\/image\/"},"sameAs":["https:\/\/www.facebook.com\/ABES.software","https:\/\/x.com\/ABES_SOFTWARE","https:\/\/www.linkedin.com\/company\/abes-software\/","https:\/\/www.instagram.com\/abes_software\/"]},{"@type":"Person","@id":"https:\/\/abes.org.br\/#\/schema\/person\/1bad6bff859e7d56ec5664b01968e27e","name":"prima-dev","image":{"@type":"ImageObject","inLanguage":"en-US","@id":"https:\/\/secure.gravatar.com\/avatar\/039c6325210cecd393c57645bc755f7d13deed578fddf4dbfa87bc05dcbcfa4b?s=96&d=mm&r=g","url":"https:\/\/secure.gravatar.com\/avatar\/039c6325210cecd393c57645bc755f7d13deed578fddf4dbfa87bc05dcbcfa4b?s=96&d=mm&r=g","contentUrl":"https:\/\/secure.gravatar.com\/avatar\/039c6325210cecd393c57645bc755f7d13deed578fddf4dbfa87bc05dcbcfa4b?s=96&d=mm&r=g","caption":"prima-dev"},"url":"https:\/\/abes.org.br\/en\/author\/prima-dev\/"}]}},"publishpress_future_action":{"enabled":false,"date":"2026-05-03 13:36:53","action":"change-status","newStatus":"draft","terms":[],"taxonomy":"category","extraData":[]},"publishpress_future_workflow_manual_trigger":{"enabledWorkflows":[]},"_links":{"self":[{"href":"https:\/\/abes.org.br\/en\/wp-json\/wp\/v2\/posts\/10482","targetHints":{"allow":["GET"]}}],"collection":[{"href":"https:\/\/abes.org.br\/en\/wp-json\/wp\/v2\/posts"}],"about":[{"href":"https:\/\/abes.org.br\/en\/wp-json\/wp\/v2\/types\/post"}],"author":[{"embeddable":true,"href":"https:\/\/abes.org.br\/en\/wp-json\/wp\/v2\/users\/2"}],"replies":[{"embeddable":true,"href":"https:\/\/abes.org.br\/en\/wp-json\/wp\/v2\/comments?post=10482"}],"version-history":[{"count":0,"href":"https:\/\/abes.org.br\/en\/wp-json\/wp\/v2\/posts\/10482\/revisions"}],"wp:attachment":[{"href":"https:\/\/abes.org.br\/en\/wp-json\/wp\/v2\/media?parent=10482"}],"wp:term":[{"taxonomy":"category","embeddable":true,"href":"https:\/\/abes.org.br\/en\/wp-json\/wp\/v2\/categories?post=10482"},{"taxonomy":"post_tag","embeddable":true,"href":"https:\/\/abes.org.br\/en\/wp-json\/wp\/v2\/tags?post=10482"}],"curies":[{"name":"wp","href":"https:\/\/api.w.org\/{rel}","templated":true}]}}