{"id":10468,"date":"2020-08-16T00:00:00","date_gmt":"2020-08-16T00:00:00","guid":{"rendered":"https:\/\/abes.org.br\/?p=10468"},"modified":"2020-08-16T00:00:00","modified_gmt":"2020-08-16T00:00:00","slug":"inscricoes-abertas-para-o-curso-da-abes-academy-sobre-a-lei-geral-de-protecao-de-dados","status":"publish","type":"post","link":"https:\/\/abes.org.br\/en\/inscricoes-abertas-para-o-curso-da-abes-academy-sobre-a-lei-geral-de-protecao-de-dados\/","title":{"rendered":"Registration open for the ABES ACADEMY course on the General Data Protection Law"},"content":{"rendered":"<div style=\"text-align: justify;\">\n\t<em><br \/>\n\t<br \/>\n\t<img decoding=\"async\" alt=\"\" src=\"\/wp-content\/uploads\/anterior\/Imagens\/curso%20setembro_qrcode1.jpg\" style=\"width: 450px; height: 237px;\" \/><\/em><\/p>\n<p>\tTHE <strong>ABES ACADEMY<\/strong> opened the fourth class of the course <a href=\"https:\/\/www.sympla.com.br\/curso-lgpd---lei-geral-de-protecao-de-dados-fundamentos-e-implementacao__942995\"><strong>GENERAL DATA PROTECTION LAW: BASICS AND IMPLEMENTATION<\/strong><\/a>, on data protection, privacy and information security in Brazil, to be held in 8 classes lasting 3 hours each, from 9\/14 to 9\/17 and from 9\/21 to 9\/24, with a total workload of 24 hours.<\/p>\n<p>\tThe broad program of the activity includes the following themes: fundamentals of privacy and protection of personal data; objectives of the LGPD; foundation of Data Protection; holders&#039; rights; detailing consent and legitimate interest; treatment of Sensitive Personal Data; Data Processing Agents - Controller and Operator; the role of the Data Protection Officer (\u201cDPO\u201d) and his functions; Privacy by Design and Privacy by Default; the adoption of information security practices as a business strategy, a requirement for data protection; ps objectives and the content of a security policy; importance of a vulnerability management program, among other points.<\/p>\n<p>\tSeveral changes are necessary in organizations, of all sizes and sectors, to promote the process of adaptation to LGPD, with the creation of a new organizational culture focused on privacy and data protection. The law provides for different administrative sanctions due to the infractions committed to the rules provided for in the Law, such as a fine that can reach up to R$ 50,000,000.00 for infraction, warning, publication of the infraction; blocking of the personal data referred to in the offense until it is settled; elimination of the personal data referred to in the violation or even the total or partial prohibition of activities related to data processing, especially in the event of information leakage (whether due to technical failure, human action or hacker attack).<br \/>\n\t&nbsp;<\/div>\n<div style=\"text-align: justify;\">\n\t&quot;The course will provide participants with important theoretical knowledge and, mainly, practical information for adapting the organization to the LGPD, highlighting the diagnostic steps, mapping the existing data held by the organization, defining procedures and processes, defining those responsible and More than 80 people have participated in our classes so far and ABES is committed to contributing to the creation of a culture of data protection in Brazil &quot;, explains Thomaz C\u00f4rte Real, the entity&#039;s legal consultant.<br \/>\n\t&nbsp;<\/div>\n<div style=\"text-align: justify;\">\n\t<strong>ABES ACADEMY offers discount for group registrations on the full value of the type of ticket (ABES member and non-ABES member)<\/strong>: from 2 to 5 registrations: 10% discount; from 6 to 10 registrations: 15% discount; over 10 registrations: 20% discount. ABES Academy alumni nomination: 8% discount. To generate the discount code, contact us by e-mail: eventos@abes.org.br and inform your interest.&nbsp;<\/div>\n<p>\n<strong>REGISTER NOW FOR THE SYMPLA PLATFORM.<br \/>\nLIMITED SPACES!<\/strong><\/p>\n<p><span style=\"text-align: justify;\"><strong>ONLINE COURSE<\/strong>&nbsp;<\/span><br \/>\n<strong style=\"text-align: justify;\">GENERAL DATA PROTECTION LAW: BASICS AND IMPLEMENTATION<\/strong><br \/>\nSeptember 14, 15, 16, 17, 21, 22, 23 and 24 of September 2020<br \/>\nfrom 4 pm to 5 pm<br \/>\n<strong><a href=\"https:\/\/www.sympla.com.br\/curso-lgpd---lei-geral-de-protecao-de-dados-fundamentos-e-implementacao__942995\">https:\/\/www.sympla.com.br\/curso-lgpd&#8212;lei-geral-de-protecao-de-dados-fundamentos-e-implementacao__942995<\/a><\/strong><\/p>\n<p><\/p>","protected":false},"excerpt":{"rendered":"<p>A ABES ACADEMY abriu inscri&ccedil;&otilde;es a quarta turma do curso LEI GERAL DE PROTE&Ccedil;&Atilde;O DE DADOS: FUNDAMENTOS E IMPLEMENTA&Ccedil;&Atilde;O, sobre prote&ccedil;&atilde;o de dados, privacidade e seguran&ccedil;a da informa&ccedil;&atilde;o do Brasil, que ser&aacute; realizado em 8 aulas com dura&ccedil;&atilde;o de 3 horas cada, de 14\/09 a 17\/09 e de 21\/09 a 24\/09, com carga hor&aacute;ria total [&hellip;]<\/p>\n","protected":false},"author":2,"featured_media":0,"comment_status":"closed","ping_status":"open","sticky":false,"template":"","format":"standard","meta":{"_acf_changed":false,"_et_pb_use_builder":"","_et_pb_old_content":"","_et_gb_content_width":"","footnotes":""},"categories":[19],"tags":[],"class_list":["post-10468","post","type-post","status-publish","format-standard","hentry","category-ultimas-noticias"],"acf":[],"yoast_head":"<!-- This site is optimized with the Yoast SEO plugin v27.3 - https:\/\/yoast.com\/product\/yoast-seo-wordpress\/ -->\n<title>Inscri\u00e7\u00f5es abertas para o curso da ABES ACADEMY sobre a Lei Geral de Prote\u00e7\u00e3o de Dados - ABES<\/title>\n<meta name=\"robots\" content=\"index, follow, max-snippet:-1, max-image-preview:large, max-video-preview:-1\" \/>\n<link rel=\"canonical\" href=\"https:\/\/abes.org.br\/en\/inscricoes-abertas-para-o-curso-da-abes-academy-sobre-a-lei-geral-de-protecao-de-dados\/\" \/>\n<meta property=\"og:locale\" content=\"en_US\" \/>\n<meta property=\"og:type\" content=\"article\" \/>\n<meta property=\"og:title\" content=\"Inscri\u00e7\u00f5es abertas para o curso da ABES ACADEMY sobre a Lei Geral de Prote\u00e7\u00e3o de Dados - ABES\" \/>\n<meta property=\"og:description\" content=\"A ABES ACADEMY abriu inscri&ccedil;&otilde;es a quarta turma do curso LEI GERAL DE PROTE&Ccedil;&Atilde;O DE DADOS: FUNDAMENTOS E IMPLEMENTA&Ccedil;&Atilde;O, sobre prote&ccedil;&atilde;o de dados, privacidade e seguran&ccedil;a da informa&ccedil;&atilde;o do Brasil, que ser&aacute; realizado em 8 aulas com dura&ccedil;&atilde;o de 3 horas cada, de 14\/09 a 17\/09 e de 21\/09 a 24\/09, com carga hor&aacute;ria total [&hellip;]\" \/>\n<meta property=\"og:url\" content=\"https:\/\/abes.org.br\/en\/inscricoes-abertas-para-o-curso-da-abes-academy-sobre-a-lei-geral-de-protecao-de-dados\/\" \/>\n<meta property=\"og:site_name\" content=\"ABES\" \/>\n<meta property=\"article:publisher\" content=\"https:\/\/www.facebook.com\/ABES.software\" \/>\n<meta property=\"article:published_time\" content=\"2020-08-16T00:00:00+00:00\" \/>\n<meta property=\"og:image\" content=\"https:\/\/abes.org.br\/wp-content\/uploads\/2021\/01\/logo_abes_marca_tagline_horizontal_colorido_rgb.png\" \/>\n\t<meta property=\"og:image:width\" content=\"3509\" \/>\n\t<meta property=\"og:image:height\" content=\"2482\" \/>\n\t<meta property=\"og:image:type\" content=\"image\/png\" \/>\n<meta name=\"author\" content=\"prima-dev\" \/>\n<meta name=\"twitter:card\" content=\"summary_large_image\" \/>\n<meta name=\"twitter:creator\" content=\"@ABES_SOFTWARE\" \/>\n<meta name=\"twitter:site\" content=\"@ABES_SOFTWARE\" \/>\n<meta name=\"twitter:label1\" content=\"Written by\" \/>\n\t<meta name=\"twitter:data1\" content=\"prima-dev\" \/>\n\t<meta name=\"twitter:label2\" content=\"Est. reading time\" \/>\n\t<meta name=\"twitter:data2\" content=\"3 minutes\" \/>\n<script type=\"application\/ld+json\" class=\"yoast-schema-graph\">{\"@context\":\"https:\\\/\\\/schema.org\",\"@graph\":[{\"@type\":\"Article\",\"@id\":\"https:\\\/\\\/abes.org.br\\\/inscricoes-abertas-para-o-curso-da-abes-academy-sobre-a-lei-geral-de-protecao-de-dados\\\/#article\",\"isPartOf\":{\"@id\":\"https:\\\/\\\/abes.org.br\\\/inscricoes-abertas-para-o-curso-da-abes-academy-sobre-a-lei-geral-de-protecao-de-dados\\\/\"},\"author\":{\"name\":\"prima-dev\",\"@id\":\"https:\\\/\\\/abes.org.br\\\/#\\\/schema\\\/person\\\/1bad6bff859e7d56ec5664b01968e27e\"},\"headline\":\"Inscri\u00e7\u00f5es abertas para o curso da ABES ACADEMY sobre a Lei Geral de Prote\u00e7\u00e3o de Dados\",\"datePublished\":\"2020-08-16T00:00:00+00:00\",\"mainEntityOfPage\":{\"@id\":\"https:\\\/\\\/abes.org.br\\\/inscricoes-abertas-para-o-curso-da-abes-academy-sobre-a-lei-geral-de-protecao-de-dados\\\/\"},\"wordCount\":709,\"publisher\":{\"@id\":\"https:\\\/\\\/abes.org.br\\\/#organization\"},\"articleSection\":[\"\u00daltimas not\u00edcias\"],\"inLanguage\":\"en-US\"},{\"@type\":\"WebPage\",\"@id\":\"https:\\\/\\\/abes.org.br\\\/inscricoes-abertas-para-o-curso-da-abes-academy-sobre-a-lei-geral-de-protecao-de-dados\\\/\",\"url\":\"https:\\\/\\\/abes.org.br\\\/inscricoes-abertas-para-o-curso-da-abes-academy-sobre-a-lei-geral-de-protecao-de-dados\\\/\",\"name\":\"Inscri\u00e7\u00f5es abertas para o curso da ABES ACADEMY sobre a Lei Geral de Prote\u00e7\u00e3o de Dados - ABES\",\"isPartOf\":{\"@id\":\"https:\\\/\\\/abes.org.br\\\/#website\"},\"datePublished\":\"2020-08-16T00:00:00+00:00\",\"breadcrumb\":{\"@id\":\"https:\\\/\\\/abes.org.br\\\/inscricoes-abertas-para-o-curso-da-abes-academy-sobre-a-lei-geral-de-protecao-de-dados\\\/#breadcrumb\"},\"inLanguage\":\"en-US\",\"potentialAction\":[{\"@type\":\"ReadAction\",\"target\":[\"https:\\\/\\\/abes.org.br\\\/inscricoes-abertas-para-o-curso-da-abes-academy-sobre-a-lei-geral-de-protecao-de-dados\\\/\"]}]},{\"@type\":\"BreadcrumbList\",\"@id\":\"https:\\\/\\\/abes.org.br\\\/inscricoes-abertas-para-o-curso-da-abes-academy-sobre-a-lei-geral-de-protecao-de-dados\\\/#breadcrumb\",\"itemListElement\":[{\"@type\":\"ListItem\",\"position\":1,\"name\":\"In\u00edcio\",\"item\":\"https:\\\/\\\/abes.org.br\\\/\"},{\"@type\":\"ListItem\",\"position\":2,\"name\":\"Inscri\u00e7\u00f5es abertas para o curso da ABES ACADEMY sobre a Lei Geral de Prote\u00e7\u00e3o de Dados\"}]},{\"@type\":\"WebSite\",\"@id\":\"https:\\\/\\\/abes.org.br\\\/#website\",\"url\":\"https:\\\/\\\/abes.org.br\\\/\",\"name\":\"ABES\",\"description\":\"Associa\u00e7\u00e3o Brasileira das Empresas de Software\",\"publisher\":{\"@id\":\"https:\\\/\\\/abes.org.br\\\/#organization\"},\"potentialAction\":[{\"@type\":\"SearchAction\",\"target\":{\"@type\":\"EntryPoint\",\"urlTemplate\":\"https:\\\/\\\/abes.org.br\\\/?s={search_term_string}\"},\"query-input\":{\"@type\":\"PropertyValueSpecification\",\"valueRequired\":true,\"valueName\":\"search_term_string\"}}],\"inLanguage\":\"en-US\"},{\"@type\":\"Organization\",\"@id\":\"https:\\\/\\\/abes.org.br\\\/#organization\",\"name\":\"Associa\u00e7\u00e3o Brasileira das Empresas de Software\",\"url\":\"https:\\\/\\\/abes.org.br\\\/\",\"logo\":{\"@type\":\"ImageObject\",\"inLanguage\":\"en-US\",\"@id\":\"https:\\\/\\\/abes.org.br\\\/#\\\/schema\\\/logo\\\/image\\\/\",\"url\":\"https:\\\/\\\/abes.org.br\\\/wp-content\\\/uploads\\\/2020\\\/09\\\/logo_abes_marca_d_tagline_horizontal_verde-amarelo_cmyk.png\",\"contentUrl\":\"https:\\\/\\\/abes.org.br\\\/wp-content\\\/uploads\\\/2020\\\/09\\\/logo_abes_marca_d_tagline_horizontal_verde-amarelo_cmyk.png\",\"width\":324,\"height\":70,\"caption\":\"Associa\u00e7\u00e3o Brasileira das Empresas de Software\"},\"image\":{\"@id\":\"https:\\\/\\\/abes.org.br\\\/#\\\/schema\\\/logo\\\/image\\\/\"},\"sameAs\":[\"https:\\\/\\\/www.facebook.com\\\/ABES.software\",\"https:\\\/\\\/x.com\\\/ABES_SOFTWARE\",\"https:\\\/\\\/www.linkedin.com\\\/company\\\/abes-software\\\/\",\"https:\\\/\\\/www.instagram.com\\\/abes_software\\\/\"]},{\"@type\":\"Person\",\"@id\":\"https:\\\/\\\/abes.org.br\\\/#\\\/schema\\\/person\\\/1bad6bff859e7d56ec5664b01968e27e\",\"name\":\"prima-dev\",\"image\":{\"@type\":\"ImageObject\",\"inLanguage\":\"en-US\",\"@id\":\"https:\\\/\\\/secure.gravatar.com\\\/avatar\\\/039c6325210cecd393c57645bc755f7d13deed578fddf4dbfa87bc05dcbcfa4b?s=96&d=mm&r=g\",\"url\":\"https:\\\/\\\/secure.gravatar.com\\\/avatar\\\/039c6325210cecd393c57645bc755f7d13deed578fddf4dbfa87bc05dcbcfa4b?s=96&d=mm&r=g\",\"contentUrl\":\"https:\\\/\\\/secure.gravatar.com\\\/avatar\\\/039c6325210cecd393c57645bc755f7d13deed578fddf4dbfa87bc05dcbcfa4b?s=96&d=mm&r=g\",\"caption\":\"prima-dev\"},\"url\":\"https:\\\/\\\/abes.org.br\\\/en\\\/author\\\/prima-dev\\\/\"}]}<\/script>\n<!-- \/ Yoast SEO plugin. -->","yoast_head_json":{"title":"Inscri\u00e7\u00f5es abertas para o curso da ABES ACADEMY sobre a Lei Geral de Prote\u00e7\u00e3o de Dados - ABES","robots":{"index":"index","follow":"follow","max-snippet":"max-snippet:-1","max-image-preview":"max-image-preview:large","max-video-preview":"max-video-preview:-1"},"canonical":"https:\/\/abes.org.br\/en\/inscricoes-abertas-para-o-curso-da-abes-academy-sobre-a-lei-geral-de-protecao-de-dados\/","og_locale":"en_US","og_type":"article","og_title":"Inscri\u00e7\u00f5es abertas para o curso da ABES ACADEMY sobre a Lei Geral de Prote\u00e7\u00e3o de Dados - ABES","og_description":"A ABES ACADEMY abriu inscri&ccedil;&otilde;es a quarta turma do curso LEI GERAL DE PROTE&Ccedil;&Atilde;O DE DADOS: FUNDAMENTOS E IMPLEMENTA&Ccedil;&Atilde;O, sobre prote&ccedil;&atilde;o de dados, privacidade e seguran&ccedil;a da informa&ccedil;&atilde;o do Brasil, que ser&aacute; realizado em 8 aulas com dura&ccedil;&atilde;o de 3 horas cada, de 14\/09 a 17\/09 e de 21\/09 a 24\/09, com carga hor&aacute;ria total [&hellip;]","og_url":"https:\/\/abes.org.br\/en\/inscricoes-abertas-para-o-curso-da-abes-academy-sobre-a-lei-geral-de-protecao-de-dados\/","og_site_name":"ABES","article_publisher":"https:\/\/www.facebook.com\/ABES.software","article_published_time":"2020-08-16T00:00:00+00:00","og_image":[{"width":3509,"height":2482,"url":"https:\/\/abes.org.br\/wp-content\/uploads\/2021\/01\/logo_abes_marca_tagline_horizontal_colorido_rgb.png","type":"image\/png"}],"author":"prima-dev","twitter_card":"summary_large_image","twitter_creator":"@ABES_SOFTWARE","twitter_site":"@ABES_SOFTWARE","twitter_misc":{"Written by":"prima-dev","Est. reading time":"3 minutes"},"schema":{"@context":"https:\/\/schema.org","@graph":[{"@type":"Article","@id":"https:\/\/abes.org.br\/inscricoes-abertas-para-o-curso-da-abes-academy-sobre-a-lei-geral-de-protecao-de-dados\/#article","isPartOf":{"@id":"https:\/\/abes.org.br\/inscricoes-abertas-para-o-curso-da-abes-academy-sobre-a-lei-geral-de-protecao-de-dados\/"},"author":{"name":"prima-dev","@id":"https:\/\/abes.org.br\/#\/schema\/person\/1bad6bff859e7d56ec5664b01968e27e"},"headline":"Inscri\u00e7\u00f5es abertas para o curso da ABES ACADEMY sobre a Lei Geral de Prote\u00e7\u00e3o de Dados","datePublished":"2020-08-16T00:00:00+00:00","mainEntityOfPage":{"@id":"https:\/\/abes.org.br\/inscricoes-abertas-para-o-curso-da-abes-academy-sobre-a-lei-geral-de-protecao-de-dados\/"},"wordCount":709,"publisher":{"@id":"https:\/\/abes.org.br\/#organization"},"articleSection":["\u00daltimas not\u00edcias"],"inLanguage":"en-US"},{"@type":"WebPage","@id":"https:\/\/abes.org.br\/inscricoes-abertas-para-o-curso-da-abes-academy-sobre-a-lei-geral-de-protecao-de-dados\/","url":"https:\/\/abes.org.br\/inscricoes-abertas-para-o-curso-da-abes-academy-sobre-a-lei-geral-de-protecao-de-dados\/","name":"Inscri\u00e7\u00f5es abertas para o curso da ABES ACADEMY sobre a Lei Geral de Prote\u00e7\u00e3o de Dados - ABES","isPartOf":{"@id":"https:\/\/abes.org.br\/#website"},"datePublished":"2020-08-16T00:00:00+00:00","breadcrumb":{"@id":"https:\/\/abes.org.br\/inscricoes-abertas-para-o-curso-da-abes-academy-sobre-a-lei-geral-de-protecao-de-dados\/#breadcrumb"},"inLanguage":"en-US","potentialAction":[{"@type":"ReadAction","target":["https:\/\/abes.org.br\/inscricoes-abertas-para-o-curso-da-abes-academy-sobre-a-lei-geral-de-protecao-de-dados\/"]}]},{"@type":"BreadcrumbList","@id":"https:\/\/abes.org.br\/inscricoes-abertas-para-o-curso-da-abes-academy-sobre-a-lei-geral-de-protecao-de-dados\/#breadcrumb","itemListElement":[{"@type":"ListItem","position":1,"name":"In\u00edcio","item":"https:\/\/abes.org.br\/"},{"@type":"ListItem","position":2,"name":"Inscri\u00e7\u00f5es abertas para o curso da ABES ACADEMY sobre a Lei Geral de Prote\u00e7\u00e3o de Dados"}]},{"@type":"WebSite","@id":"https:\/\/abes.org.br\/#website","url":"https:\/\/abes.org.br\/","name":"ABES","description":"Brazilian Association of Software Companies","publisher":{"@id":"https:\/\/abes.org.br\/#organization"},"potentialAction":[{"@type":"SearchAction","target":{"@type":"EntryPoint","urlTemplate":"https:\/\/abes.org.br\/?s={search_term_string}"},"query-input":{"@type":"PropertyValueSpecification","valueRequired":true,"valueName":"search_term_string"}}],"inLanguage":"en-US"},{"@type":"Organization","@id":"https:\/\/abes.org.br\/#organization","name":"Brazilian Association of Software Companies","url":"https:\/\/abes.org.br\/","logo":{"@type":"ImageObject","inLanguage":"en-US","@id":"https:\/\/abes.org.br\/#\/schema\/logo\/image\/","url":"https:\/\/abes.org.br\/wp-content\/uploads\/2020\/09\/logo_abes_marca_d_tagline_horizontal_verde-amarelo_cmyk.png","contentUrl":"https:\/\/abes.org.br\/wp-content\/uploads\/2020\/09\/logo_abes_marca_d_tagline_horizontal_verde-amarelo_cmyk.png","width":324,"height":70,"caption":"Associa\u00e7\u00e3o Brasileira das Empresas de Software"},"image":{"@id":"https:\/\/abes.org.br\/#\/schema\/logo\/image\/"},"sameAs":["https:\/\/www.facebook.com\/ABES.software","https:\/\/x.com\/ABES_SOFTWARE","https:\/\/www.linkedin.com\/company\/abes-software\/","https:\/\/www.instagram.com\/abes_software\/"]},{"@type":"Person","@id":"https:\/\/abes.org.br\/#\/schema\/person\/1bad6bff859e7d56ec5664b01968e27e","name":"prima-dev","image":{"@type":"ImageObject","inLanguage":"en-US","@id":"https:\/\/secure.gravatar.com\/avatar\/039c6325210cecd393c57645bc755f7d13deed578fddf4dbfa87bc05dcbcfa4b?s=96&d=mm&r=g","url":"https:\/\/secure.gravatar.com\/avatar\/039c6325210cecd393c57645bc755f7d13deed578fddf4dbfa87bc05dcbcfa4b?s=96&d=mm&r=g","contentUrl":"https:\/\/secure.gravatar.com\/avatar\/039c6325210cecd393c57645bc755f7d13deed578fddf4dbfa87bc05dcbcfa4b?s=96&d=mm&r=g","caption":"prima-dev"},"url":"https:\/\/abes.org.br\/en\/author\/prima-dev\/"}]}},"publishpress_future_action":{"enabled":false,"date":"2026-05-03 11:54:25","action":"change-status","newStatus":"draft","terms":[],"taxonomy":"category","extraData":[]},"publishpress_future_workflow_manual_trigger":{"enabledWorkflows":[]},"_links":{"self":[{"href":"https:\/\/abes.org.br\/en\/wp-json\/wp\/v2\/posts\/10468","targetHints":{"allow":["GET"]}}],"collection":[{"href":"https:\/\/abes.org.br\/en\/wp-json\/wp\/v2\/posts"}],"about":[{"href":"https:\/\/abes.org.br\/en\/wp-json\/wp\/v2\/types\/post"}],"author":[{"embeddable":true,"href":"https:\/\/abes.org.br\/en\/wp-json\/wp\/v2\/users\/2"}],"replies":[{"embeddable":true,"href":"https:\/\/abes.org.br\/en\/wp-json\/wp\/v2\/comments?post=10468"}],"version-history":[{"count":0,"href":"https:\/\/abes.org.br\/en\/wp-json\/wp\/v2\/posts\/10468\/revisions"}],"wp:attachment":[{"href":"https:\/\/abes.org.br\/en\/wp-json\/wp\/v2\/media?parent=10468"}],"wp:term":[{"taxonomy":"category","embeddable":true,"href":"https:\/\/abes.org.br\/en\/wp-json\/wp\/v2\/categories?post=10468"},{"taxonomy":"post_tag","embeddable":true,"href":"https:\/\/abes.org.br\/en\/wp-json\/wp\/v2\/tags?post=10468"}],"curies":[{"name":"wp","href":"https:\/\/api.w.org\/{rel}","templated":true}]}}