{"id":10466,"date":"2020-08-17T00:00:00","date_gmt":"2020-08-17T00:00:00","guid":{"rendered":"https:\/\/abes.org.br\/?p=10466"},"modified":"2020-08-17T00:00:00","modified_gmt":"2020-08-17T00:00:00","slug":"ministerio-da-economia-lanca-consulta-publica-para-aperfeicoar-contratacoes-de-servicos-de-infraestrutura-de-ti","status":"publish","type":"post","link":"https:\/\/abes.org.br\/en\/ministerio-da-economia-lanca-consulta-publica-para-aperfeicoar-contratacoes-de-servicos-de-infraestrutura-de-ti\/","title":{"rendered":"Ministry of Economy launches public consultation to improve contracting of IT infrastructure services"},"content":{"rendered":"<div style=\"text-align: justify;\">\n<p>\n\tThe new model to be created for the federal government&#039;s bids aims to save public resources<\/p>\n<p>\tInterested in hiring Information Technology (IT) services can already participate, since 8\/12\/2020 of the <a href=\"https:\/\/www.gov.br\/participamaisbrasil\/modelo-para-contratacao-de-servicos-de-operacao-de-infraestrutura-de-tecnologia-da-informacao-e-comunicacao\">public consultation opened by the Secretariat of Digital Government<\/a> of the Ministry of Economy on the gov.br portal. The objective is to implement a new model for the tenders of 220 federal government agencies that integrate the so-called Information Technology Resources Management System (Sisp) and to save compared to previous contracts.<\/p>\n<p>\t<strong>Contributions can be made until the 26th of August<\/strong>. Public consultation is one of the steps provided for in the creation of the document to be followed from planning to execution of each contracting of specialized technical services for IT infrastructure operations, without exclusive dedication of labor. The contract comprises the following services: monitoring, support of the computing environment, user support and technical support for IT management.<\/p>\n<p>\tLast year, the total amount committed by the bodies that make up Sisp for the contracting of IT goods and services was R$ 4.72 billion.<\/p>\n<p>\t&quot;We are observing recent experiences that may have generated savings in relation to previous contracts and preparing other contracting models, with different services and application areas, to cover IT government purchases&quot;, explains the Director of Shared Operations of the Digital Government Secretariat , Merched Cheheb de Oliveira. &quot;What is intended is an increase in standardization from the planning of IT bids to the model of remuneration and service provision, encouraging good practices in hiring and greater predictability in purchases&quot;.<\/p>\n<p>\t<strong>Remembering: the scheduled date for the end of the consultation, which is 08\/26\/2020<\/strong>. Click <a href=\"https:\/\/www.gov.br\/participamaisbrasil\/modelo-para-contratacao-de-servicos-de-operacao-de-infraestrutura-de-tecnologia-da-informacao-e-comunicacao\">on here <\/a>to access the content of the query page.<\/div>","protected":false},"excerpt":{"rendered":"<p>O novo modelo a ser criado para as licita&ccedil;&otilde;es do governo federal visa possibilitar economia de recursos p&uacute;blicos Interessados em contrata&ccedil;&otilde;es de servi&ccedil;os de Tecnologia da Informa&ccedil;&atilde;o (TI) j&aacute; podem participar, desde o dia 12\/8\/2020 da consulta p&uacute;blica aberta pela Secretaria de Governo Digital do Minist&eacute;rio da Economia no portal gov.br. O objetivo &eacute; implantar [&hellip;]<\/p>\n","protected":false},"author":2,"featured_media":0,"comment_status":"closed","ping_status":"open","sticky":false,"template":"","format":"standard","meta":{"_acf_changed":false,"_et_pb_use_builder":"","_et_pb_old_content":"","_et_gb_content_width":"","footnotes":""},"categories":[19],"tags":[],"class_list":["post-10466","post","type-post","status-publish","format-standard","hentry","category-ultimas-noticias"],"acf":[],"yoast_head":"<!-- This site is optimized with the Yoast SEO plugin v27.3 - https:\/\/yoast.com\/product\/yoast-seo-wordpress\/ -->\n<title>Minist\u00e9rio da Economia lan\u00e7a consulta p\u00fablica para aperfei\u00e7oar contrata\u00e7\u00f5es de servi\u00e7os de infraestrutura de TI - ABES<\/title>\n<meta name=\"robots\" content=\"index, follow, max-snippet:-1, max-image-preview:large, max-video-preview:-1\" \/>\n<link rel=\"canonical\" href=\"https:\/\/abes.org.br\/en\/ministerio-da-economia-lanca-consulta-publica-para-aperfeicoar-contratacoes-de-servicos-de-infraestrutura-de-ti\/\" \/>\n<meta property=\"og:locale\" content=\"en_US\" \/>\n<meta property=\"og:type\" content=\"article\" \/>\n<meta property=\"og:title\" content=\"Minist\u00e9rio da Economia lan\u00e7a consulta p\u00fablica para aperfei\u00e7oar contrata\u00e7\u00f5es de servi\u00e7os de infraestrutura de TI - ABES\" \/>\n<meta property=\"og:description\" content=\"O novo modelo a ser criado para as licita&ccedil;&otilde;es do governo federal visa possibilitar economia de recursos p&uacute;blicos Interessados em contrata&ccedil;&otilde;es de servi&ccedil;os de Tecnologia da Informa&ccedil;&atilde;o (TI) j&aacute; podem participar, desde o dia 12\/8\/2020 da consulta p&uacute;blica aberta pela Secretaria de Governo Digital do Minist&eacute;rio da Economia no portal gov.br. O objetivo &eacute; implantar [&hellip;]\" \/>\n<meta property=\"og:url\" content=\"https:\/\/abes.org.br\/en\/ministerio-da-economia-lanca-consulta-publica-para-aperfeicoar-contratacoes-de-servicos-de-infraestrutura-de-ti\/\" \/>\n<meta property=\"og:site_name\" content=\"ABES\" \/>\n<meta property=\"article:publisher\" content=\"https:\/\/www.facebook.com\/ABES.software\" \/>\n<meta property=\"article:published_time\" content=\"2020-08-17T00:00:00+00:00\" \/>\n<meta property=\"og:image\" content=\"https:\/\/abes.org.br\/wp-content\/uploads\/2021\/01\/logo_abes_marca_tagline_horizontal_colorido_rgb.png\" \/>\n\t<meta property=\"og:image:width\" content=\"3509\" \/>\n\t<meta property=\"og:image:height\" content=\"2482\" \/>\n\t<meta property=\"og:image:type\" content=\"image\/png\" \/>\n<meta name=\"author\" content=\"prima-dev\" \/>\n<meta name=\"twitter:card\" content=\"summary_large_image\" \/>\n<meta name=\"twitter:creator\" content=\"@ABES_SOFTWARE\" \/>\n<meta name=\"twitter:site\" content=\"@ABES_SOFTWARE\" \/>\n<meta name=\"twitter:label1\" content=\"Written by\" \/>\n\t<meta name=\"twitter:data1\" content=\"prima-dev\" \/>\n\t<meta name=\"twitter:label2\" content=\"Est. reading time\" \/>\n\t<meta name=\"twitter:data2\" content=\"2 minutes\" \/>\n<script type=\"application\/ld+json\" class=\"yoast-schema-graph\">{\"@context\":\"https:\\\/\\\/schema.org\",\"@graph\":[{\"@type\":\"Article\",\"@id\":\"https:\\\/\\\/abes.org.br\\\/en\\\/ministerio-da-economia-lanca-consulta-publica-para-aperfeicoar-contratacoes-de-servicos-de-infraestrutura-de-ti\\\/#article\",\"isPartOf\":{\"@id\":\"https:\\\/\\\/abes.org.br\\\/en\\\/ministerio-da-economia-lanca-consulta-publica-para-aperfeicoar-contratacoes-de-servicos-de-infraestrutura-de-ti\\\/\"},\"author\":{\"name\":\"prima-dev\",\"@id\":\"https:\\\/\\\/abes.org.br\\\/#\\\/schema\\\/person\\\/1bad6bff859e7d56ec5664b01968e27e\"},\"headline\":\"Minist\u00e9rio da Economia lan\u00e7a consulta p\u00fablica para aperfei\u00e7oar contrata\u00e7\u00f5es de servi\u00e7os de infraestrutura de TI\",\"datePublished\":\"2020-08-17T00:00:00+00:00\",\"mainEntityOfPage\":{\"@id\":\"https:\\\/\\\/abes.org.br\\\/en\\\/ministerio-da-economia-lanca-consulta-publica-para-aperfeicoar-contratacoes-de-servicos-de-infraestrutura-de-ti\\\/\"},\"wordCount\":444,\"publisher\":{\"@id\":\"https:\\\/\\\/abes.org.br\\\/#organization\"},\"articleSection\":[\"\u00daltimas not\u00edcias\"],\"inLanguage\":\"en-US\"},{\"@type\":\"WebPage\",\"@id\":\"https:\\\/\\\/abes.org.br\\\/en\\\/ministerio-da-economia-lanca-consulta-publica-para-aperfeicoar-contratacoes-de-servicos-de-infraestrutura-de-ti\\\/\",\"url\":\"https:\\\/\\\/abes.org.br\\\/en\\\/ministerio-da-economia-lanca-consulta-publica-para-aperfeicoar-contratacoes-de-servicos-de-infraestrutura-de-ti\\\/\",\"name\":\"Minist\u00e9rio da Economia lan\u00e7a consulta p\u00fablica para aperfei\u00e7oar contrata\u00e7\u00f5es de servi\u00e7os de infraestrutura de TI - ABES\",\"isPartOf\":{\"@id\":\"https:\\\/\\\/abes.org.br\\\/#website\"},\"datePublished\":\"2020-08-17T00:00:00+00:00\",\"breadcrumb\":{\"@id\":\"https:\\\/\\\/abes.org.br\\\/en\\\/ministerio-da-economia-lanca-consulta-publica-para-aperfeicoar-contratacoes-de-servicos-de-infraestrutura-de-ti\\\/#breadcrumb\"},\"inLanguage\":\"en-US\",\"potentialAction\":[{\"@type\":\"ReadAction\",\"target\":[\"https:\\\/\\\/abes.org.br\\\/en\\\/ministerio-da-economia-lanca-consulta-publica-para-aperfeicoar-contratacoes-de-servicos-de-infraestrutura-de-ti\\\/\"]}]},{\"@type\":\"BreadcrumbList\",\"@id\":\"https:\\\/\\\/abes.org.br\\\/en\\\/ministerio-da-economia-lanca-consulta-publica-para-aperfeicoar-contratacoes-de-servicos-de-infraestrutura-de-ti\\\/#breadcrumb\",\"itemListElement\":[{\"@type\":\"ListItem\",\"position\":1,\"name\":\"In\u00edcio\",\"item\":\"https:\\\/\\\/abes.org.br\\\/\"},{\"@type\":\"ListItem\",\"position\":2,\"name\":\"Minist\u00e9rio da Economia lan\u00e7a consulta p\u00fablica para aperfei\u00e7oar contrata\u00e7\u00f5es de servi\u00e7os de infraestrutura de TI\"}]},{\"@type\":\"WebSite\",\"@id\":\"https:\\\/\\\/abes.org.br\\\/#website\",\"url\":\"https:\\\/\\\/abes.org.br\\\/\",\"name\":\"ABES\",\"description\":\"Associa\u00e7\u00e3o Brasileira das Empresas de Software\",\"publisher\":{\"@id\":\"https:\\\/\\\/abes.org.br\\\/#organization\"},\"potentialAction\":[{\"@type\":\"SearchAction\",\"target\":{\"@type\":\"EntryPoint\",\"urlTemplate\":\"https:\\\/\\\/abes.org.br\\\/?s={search_term_string}\"},\"query-input\":{\"@type\":\"PropertyValueSpecification\",\"valueRequired\":true,\"valueName\":\"search_term_string\"}}],\"inLanguage\":\"en-US\"},{\"@type\":\"Organization\",\"@id\":\"https:\\\/\\\/abes.org.br\\\/#organization\",\"name\":\"Associa\u00e7\u00e3o Brasileira das Empresas de Software\",\"url\":\"https:\\\/\\\/abes.org.br\\\/\",\"logo\":{\"@type\":\"ImageObject\",\"inLanguage\":\"en-US\",\"@id\":\"https:\\\/\\\/abes.org.br\\\/#\\\/schema\\\/logo\\\/image\\\/\",\"url\":\"https:\\\/\\\/abes.org.br\\\/wp-content\\\/uploads\\\/2020\\\/09\\\/logo_abes_marca_d_tagline_horizontal_verde-amarelo_cmyk.png\",\"contentUrl\":\"https:\\\/\\\/abes.org.br\\\/wp-content\\\/uploads\\\/2020\\\/09\\\/logo_abes_marca_d_tagline_horizontal_verde-amarelo_cmyk.png\",\"width\":324,\"height\":70,\"caption\":\"Associa\u00e7\u00e3o Brasileira das Empresas de Software\"},\"image\":{\"@id\":\"https:\\\/\\\/abes.org.br\\\/#\\\/schema\\\/logo\\\/image\\\/\"},\"sameAs\":[\"https:\\\/\\\/www.facebook.com\\\/ABES.software\",\"https:\\\/\\\/x.com\\\/ABES_SOFTWARE\",\"https:\\\/\\\/www.linkedin.com\\\/company\\\/abes-software\\\/\",\"https:\\\/\\\/www.instagram.com\\\/abes_software\\\/\"]},{\"@type\":\"Person\",\"@id\":\"https:\\\/\\\/abes.org.br\\\/#\\\/schema\\\/person\\\/1bad6bff859e7d56ec5664b01968e27e\",\"name\":\"prima-dev\",\"image\":{\"@type\":\"ImageObject\",\"inLanguage\":\"en-US\",\"@id\":\"https:\\\/\\\/secure.gravatar.com\\\/avatar\\\/039c6325210cecd393c57645bc755f7d13deed578fddf4dbfa87bc05dcbcfa4b?s=96&d=mm&r=g\",\"url\":\"https:\\\/\\\/secure.gravatar.com\\\/avatar\\\/039c6325210cecd393c57645bc755f7d13deed578fddf4dbfa87bc05dcbcfa4b?s=96&d=mm&r=g\",\"contentUrl\":\"https:\\\/\\\/secure.gravatar.com\\\/avatar\\\/039c6325210cecd393c57645bc755f7d13deed578fddf4dbfa87bc05dcbcfa4b?s=96&d=mm&r=g\",\"caption\":\"prima-dev\"},\"url\":\"https:\\\/\\\/abes.org.br\\\/en\\\/author\\\/prima-dev\\\/\"}]}<\/script>\n<!-- \/ Yoast SEO plugin. -->","yoast_head_json":{"title":"Minist\u00e9rio da Economia lan\u00e7a consulta p\u00fablica para aperfei\u00e7oar contrata\u00e7\u00f5es de servi\u00e7os de infraestrutura de TI - ABES","robots":{"index":"index","follow":"follow","max-snippet":"max-snippet:-1","max-image-preview":"max-image-preview:large","max-video-preview":"max-video-preview:-1"},"canonical":"https:\/\/abes.org.br\/en\/ministerio-da-economia-lanca-consulta-publica-para-aperfeicoar-contratacoes-de-servicos-de-infraestrutura-de-ti\/","og_locale":"en_US","og_type":"article","og_title":"Minist\u00e9rio da Economia lan\u00e7a consulta p\u00fablica para aperfei\u00e7oar contrata\u00e7\u00f5es de servi\u00e7os de infraestrutura de TI - ABES","og_description":"O novo modelo a ser criado para as licita&ccedil;&otilde;es do governo federal visa possibilitar economia de recursos p&uacute;blicos Interessados em contrata&ccedil;&otilde;es de servi&ccedil;os de Tecnologia da Informa&ccedil;&atilde;o (TI) j&aacute; podem participar, desde o dia 12\/8\/2020 da consulta p&uacute;blica aberta pela Secretaria de Governo Digital do Minist&eacute;rio da Economia no portal gov.br. O objetivo &eacute; implantar [&hellip;]","og_url":"https:\/\/abes.org.br\/en\/ministerio-da-economia-lanca-consulta-publica-para-aperfeicoar-contratacoes-de-servicos-de-infraestrutura-de-ti\/","og_site_name":"ABES","article_publisher":"https:\/\/www.facebook.com\/ABES.software","article_published_time":"2020-08-17T00:00:00+00:00","og_image":[{"width":3509,"height":2482,"url":"https:\/\/abes.org.br\/wp-content\/uploads\/2021\/01\/logo_abes_marca_tagline_horizontal_colorido_rgb.png","type":"image\/png"}],"author":"prima-dev","twitter_card":"summary_large_image","twitter_creator":"@ABES_SOFTWARE","twitter_site":"@ABES_SOFTWARE","twitter_misc":{"Written by":"prima-dev","Est. reading time":"2 minutes"},"schema":{"@context":"https:\/\/schema.org","@graph":[{"@type":"Article","@id":"https:\/\/abes.org.br\/en\/ministerio-da-economia-lanca-consulta-publica-para-aperfeicoar-contratacoes-de-servicos-de-infraestrutura-de-ti\/#article","isPartOf":{"@id":"https:\/\/abes.org.br\/en\/ministerio-da-economia-lanca-consulta-publica-para-aperfeicoar-contratacoes-de-servicos-de-infraestrutura-de-ti\/"},"author":{"name":"prima-dev","@id":"https:\/\/abes.org.br\/#\/schema\/person\/1bad6bff859e7d56ec5664b01968e27e"},"headline":"Minist\u00e9rio da Economia lan\u00e7a consulta p\u00fablica para aperfei\u00e7oar contrata\u00e7\u00f5es de servi\u00e7os de infraestrutura de TI","datePublished":"2020-08-17T00:00:00+00:00","mainEntityOfPage":{"@id":"https:\/\/abes.org.br\/en\/ministerio-da-economia-lanca-consulta-publica-para-aperfeicoar-contratacoes-de-servicos-de-infraestrutura-de-ti\/"},"wordCount":444,"publisher":{"@id":"https:\/\/abes.org.br\/#organization"},"articleSection":["\u00daltimas not\u00edcias"],"inLanguage":"en-US"},{"@type":"WebPage","@id":"https:\/\/abes.org.br\/en\/ministerio-da-economia-lanca-consulta-publica-para-aperfeicoar-contratacoes-de-servicos-de-infraestrutura-de-ti\/","url":"https:\/\/abes.org.br\/en\/ministerio-da-economia-lanca-consulta-publica-para-aperfeicoar-contratacoes-de-servicos-de-infraestrutura-de-ti\/","name":"Minist\u00e9rio da Economia lan\u00e7a consulta p\u00fablica para aperfei\u00e7oar contrata\u00e7\u00f5es de servi\u00e7os de infraestrutura de TI - ABES","isPartOf":{"@id":"https:\/\/abes.org.br\/#website"},"datePublished":"2020-08-17T00:00:00+00:00","breadcrumb":{"@id":"https:\/\/abes.org.br\/en\/ministerio-da-economia-lanca-consulta-publica-para-aperfeicoar-contratacoes-de-servicos-de-infraestrutura-de-ti\/#breadcrumb"},"inLanguage":"en-US","potentialAction":[{"@type":"ReadAction","target":["https:\/\/abes.org.br\/en\/ministerio-da-economia-lanca-consulta-publica-para-aperfeicoar-contratacoes-de-servicos-de-infraestrutura-de-ti\/"]}]},{"@type":"BreadcrumbList","@id":"https:\/\/abes.org.br\/en\/ministerio-da-economia-lanca-consulta-publica-para-aperfeicoar-contratacoes-de-servicos-de-infraestrutura-de-ti\/#breadcrumb","itemListElement":[{"@type":"ListItem","position":1,"name":"In\u00edcio","item":"https:\/\/abes.org.br\/"},{"@type":"ListItem","position":2,"name":"Minist\u00e9rio da Economia lan\u00e7a consulta p\u00fablica para aperfei\u00e7oar contrata\u00e7\u00f5es de servi\u00e7os de infraestrutura de TI"}]},{"@type":"WebSite","@id":"https:\/\/abes.org.br\/#website","url":"https:\/\/abes.org.br\/","name":"ABES","description":"Brazilian Association of Software Companies","publisher":{"@id":"https:\/\/abes.org.br\/#organization"},"potentialAction":[{"@type":"SearchAction","target":{"@type":"EntryPoint","urlTemplate":"https:\/\/abes.org.br\/?s={search_term_string}"},"query-input":{"@type":"PropertyValueSpecification","valueRequired":true,"valueName":"search_term_string"}}],"inLanguage":"en-US"},{"@type":"Organization","@id":"https:\/\/abes.org.br\/#organization","name":"Brazilian Association of Software Companies","url":"https:\/\/abes.org.br\/","logo":{"@type":"ImageObject","inLanguage":"en-US","@id":"https:\/\/abes.org.br\/#\/schema\/logo\/image\/","url":"https:\/\/abes.org.br\/wp-content\/uploads\/2020\/09\/logo_abes_marca_d_tagline_horizontal_verde-amarelo_cmyk.png","contentUrl":"https:\/\/abes.org.br\/wp-content\/uploads\/2020\/09\/logo_abes_marca_d_tagline_horizontal_verde-amarelo_cmyk.png","width":324,"height":70,"caption":"Associa\u00e7\u00e3o Brasileira das Empresas de Software"},"image":{"@id":"https:\/\/abes.org.br\/#\/schema\/logo\/image\/"},"sameAs":["https:\/\/www.facebook.com\/ABES.software","https:\/\/x.com\/ABES_SOFTWARE","https:\/\/www.linkedin.com\/company\/abes-software\/","https:\/\/www.instagram.com\/abes_software\/"]},{"@type":"Person","@id":"https:\/\/abes.org.br\/#\/schema\/person\/1bad6bff859e7d56ec5664b01968e27e","name":"prima-dev","image":{"@type":"ImageObject","inLanguage":"en-US","@id":"https:\/\/secure.gravatar.com\/avatar\/039c6325210cecd393c57645bc755f7d13deed578fddf4dbfa87bc05dcbcfa4b?s=96&d=mm&r=g","url":"https:\/\/secure.gravatar.com\/avatar\/039c6325210cecd393c57645bc755f7d13deed578fddf4dbfa87bc05dcbcfa4b?s=96&d=mm&r=g","contentUrl":"https:\/\/secure.gravatar.com\/avatar\/039c6325210cecd393c57645bc755f7d13deed578fddf4dbfa87bc05dcbcfa4b?s=96&d=mm&r=g","caption":"prima-dev"},"url":"https:\/\/abes.org.br\/en\/author\/prima-dev\/"}]}},"publishpress_future_action":{"enabled":false,"date":"2026-05-03 12:01:57","action":"change-status","newStatus":"draft","terms":[],"taxonomy":"category","extraData":[]},"publishpress_future_workflow_manual_trigger":{"enabledWorkflows":[]},"_links":{"self":[{"href":"https:\/\/abes.org.br\/en\/wp-json\/wp\/v2\/posts\/10466","targetHints":{"allow":["GET"]}}],"collection":[{"href":"https:\/\/abes.org.br\/en\/wp-json\/wp\/v2\/posts"}],"about":[{"href":"https:\/\/abes.org.br\/en\/wp-json\/wp\/v2\/types\/post"}],"author":[{"embeddable":true,"href":"https:\/\/abes.org.br\/en\/wp-json\/wp\/v2\/users\/2"}],"replies":[{"embeddable":true,"href":"https:\/\/abes.org.br\/en\/wp-json\/wp\/v2\/comments?post=10466"}],"version-history":[{"count":0,"href":"https:\/\/abes.org.br\/en\/wp-json\/wp\/v2\/posts\/10466\/revisions"}],"wp:attachment":[{"href":"https:\/\/abes.org.br\/en\/wp-json\/wp\/v2\/media?parent=10466"}],"wp:term":[{"taxonomy":"category","embeddable":true,"href":"https:\/\/abes.org.br\/en\/wp-json\/wp\/v2\/categories?post=10466"},{"taxonomy":"post_tag","embeddable":true,"href":"https:\/\/abes.org.br\/en\/wp-json\/wp\/v2\/tags?post=10466"}],"curies":[{"name":"wp","href":"https:\/\/api.w.org\/{rel}","templated":true}]}}