{"id":10448,"date":"2020-08-10T00:00:00","date_gmt":"2020-08-10T00:00:00","guid":{"rendered":"https:\/\/abes.org.br\/?p=10448"},"modified":"2020-09-24T18:21:37","modified_gmt":"2020-09-24T21:21:37","slug":"qualificacao-profissional-abes-seleciona-e-divulga-cursos-do-instituto-exito-de-empreendedorismo-para-seus-associados","status":"publish","type":"post","link":"https:\/\/abes.org.br\/en\/qualificacao-profissional-abes-seleciona-e-divulga-cursos-do-instituto-exito-de-empreendedorismo-para-seus-associados\/","title":{"rendered":"Professional qualification: ABES selects and disseminates courses from the \u00caxito Entrepreneurship Institute to its members"},"content":{"rendered":"<div style=\"text-align: justify;\">As part of the agreement signed with the \u00caxito Entrepreneurship Institute, ABES selected more than 100 courses and inspiring lectures to compose the entity&#039;s exclusive platform, which can be accessed free of charge by the associates and employees of these companies, upon registration. Among the selected courses are : Raising Investments; Training of Professionals for Bids; The 15 skills of a successful entrepreneur; Emotional Intelligence for Entrepreneurs; Agile Design Thinking; Agile Devops and Scrum; Data Science (I and II); Internet of Things; Artificial Intelligence, among others.<\/p>\n<p>\u201cInstituto \u00caxito has hundreds of courses and we curated this material with a view to the profile of our associates and to collaborate with the training of professionals with skills and competences attuned to the digital transformation. We select up-to-date content in the areas of entrepreneurship, marketing and sales, business management, personal development and information technology \u201d, explains Jamile Sabatini Marques, director of Innovation and Promotion at ABES.<\/p>\n<p>Users also have online access to inspiring lectures with big names in entrepreneurship and members of the Institute, such as: Jos\u00e9 Roberto Marques, president of the Brazilian Coaching Institute - IBC; Jangui\u00ea Diniz, founder of Grupo Ser Educacional; Ant\u00f4nio Carbonari Netto, founder of the Anhanguera Educacional group; Carol Paiffer, president of Atom; Jo\u00e3o Appolin\u00e1rio, founder and CEO of Polishop; Ricardo Bellino, serial entrepreneur; Bruno Pinheiro, founder of Be Academy; Gustavo Caetano, CEO of Samba Tech; Jo\u00e3o Kepler, founder and president of the Bossa Nova Investment Fund; F\u00e1bio Coelho, president of Google Brazil, among others.<\/p>\n<p>Do not waste time! To find out about all the selected courses and start taking them, visit: <a href=\"https:\/\/exito.app.toolzz.com.br\/abes\">https:\/\/exito.app.toolzz.com.br\/abes<\/a>.<\/p>\n<p><strong>About the Successful Entrepreneurship Institute<\/strong><\/p>\n<p>Instituto \u00caxito de Empreendedorismo is the result of a dream that involves visionary entrepreneurs from the most varied segments of Brazil and that today has more than 400 partners. They share the same purpose: to make entrepreneurship the turbine to leverage lives and stories.<\/p>\n<p>Success has the philosophy that, regardless of social and economic class, anyone can transform their ideas into actions that change and improve the reality and the community in which they live. For this reason, it was born with the aim of stimulating the entrepreneurial gift of young people, especially those from public schools, where there are many hidden talents and good ideas to be promoted. Non-profit, its main action plan is to offer a platform of online and free courses, in addition to several actions aimed at fostering entrepreneurship. More information on the website: <a href=\"http:\/\/www.institutoexito.com.br\">www.institutoexito.com.br<\/a>.<\/p>\n<\/div>","protected":false},"excerpt":{"rendered":"<p>Como parte do conv\u00eanio firmado com o Instituto \u00caxito de Empreendedorismo, a ABES selecionou mais de 100 cursos e palestras inspiradoras para compor a plataforma exclusiva da entidade, que pode ser acessada gratuitamente pelos associados e colaboradores destas empresas, mediante cadastro.Entre os cursos selecionados est\u00e3o: Captando Investimentos; Forma\u00e7\u00e3o de Profissionais para Licita\u00e7\u00f5es; As 15 compet\u00eancias [&hellip;]<\/p>\n","protected":false},"author":2,"featured_media":23189,"comment_status":"closed","ping_status":"open","sticky":false,"template":"","format":"standard","meta":{"_acf_changed":false,"_et_pb_use_builder":"","_et_pb_old_content":"","_et_gb_content_width":"","footnotes":""},"categories":[37,19],"tags":[],"class_list":["post-10448","post","type-post","status-publish","format-standard","has-post-thumbnail","hentry","category-coluna-2","category-ultimas-noticias"],"acf":[],"yoast_head":"<!-- This site is optimized with the Yoast SEO plugin v27.3 - https:\/\/yoast.com\/product\/yoast-seo-wordpress\/ -->\n<title>Qualifica\u00e7\u00e3o profissional: ABES seleciona e divulga cursos do Instituto \u00caxito de Empreendedorismo para seus associados - ABES<\/title>\n<meta name=\"robots\" content=\"index, follow, max-snippet:-1, max-image-preview:large, max-video-preview:-1\" \/>\n<link rel=\"canonical\" href=\"https:\/\/abes.org.br\/en\/qualificacao-profissional-abes-seleciona-e-divulga-cursos-do-instituto-exito-de-empreendedorismo-para-seus-associados\/\" \/>\n<meta property=\"og:locale\" content=\"en_US\" \/>\n<meta property=\"og:type\" content=\"article\" \/>\n<meta property=\"og:title\" content=\"Qualifica\u00e7\u00e3o profissional: ABES seleciona e divulga cursos do Instituto \u00caxito de Empreendedorismo para seus associados - ABES\" \/>\n<meta property=\"og:description\" content=\"Como parte do conv\u00eanio firmado com o Instituto \u00caxito de Empreendedorismo, a ABES selecionou mais de 100 cursos e palestras inspiradoras para compor a plataforma exclusiva da entidade, que pode ser acessada gratuitamente pelos associados e colaboradores destas empresas, mediante cadastro.Entre os cursos selecionados est\u00e3o: Captando Investimentos; Forma\u00e7\u00e3o de Profissionais para Licita\u00e7\u00f5es; As 15 compet\u00eancias [&hellip;]\" \/>\n<meta property=\"og:url\" content=\"https:\/\/abes.org.br\/en\/qualificacao-profissional-abes-seleciona-e-divulga-cursos-do-instituto-exito-de-empreendedorismo-para-seus-associados\/\" \/>\n<meta property=\"og:site_name\" content=\"ABES\" \/>\n<meta property=\"article:publisher\" content=\"https:\/\/www.facebook.com\/ABES.software\" \/>\n<meta property=\"article:published_time\" content=\"2020-08-10T00:00:00+00:00\" \/>\n<meta property=\"article:modified_time\" content=\"2020-09-24T21:21:37+00:00\" \/>\n<meta property=\"og:image\" content=\"https:\/\/abes.org.br\/wp-content\/uploads\/2020\/08\/qualificacao-profissional.jpg\" \/>\n\t<meta property=\"og:image:width\" content=\"910\" \/>\n\t<meta property=\"og:image:height\" content=\"512\" \/>\n\t<meta property=\"og:image:type\" content=\"image\/jpeg\" \/>\n<meta name=\"author\" content=\"prima-dev\" \/>\n<meta name=\"twitter:card\" content=\"summary_large_image\" \/>\n<meta name=\"twitter:creator\" content=\"@ABES_SOFTWARE\" \/>\n<meta name=\"twitter:site\" content=\"@ABES_SOFTWARE\" \/>\n<meta name=\"twitter:label1\" content=\"Written by\" \/>\n\t<meta name=\"twitter:data1\" content=\"prima-dev\" \/>\n\t<meta name=\"twitter:label2\" content=\"Est. reading time\" \/>\n\t<meta name=\"twitter:data2\" content=\"2 minutes\" \/>\n<script type=\"application\/ld+json\" class=\"yoast-schema-graph\">{\"@context\":\"https:\\\/\\\/schema.org\",\"@graph\":[{\"@type\":\"Article\",\"@id\":\"https:\\\/\\\/abes.org.br\\\/en\\\/qualificacao-profissional-abes-seleciona-e-divulga-cursos-do-instituto-exito-de-empreendedorismo-para-seus-associados\\\/#article\",\"isPartOf\":{\"@id\":\"https:\\\/\\\/abes.org.br\\\/en\\\/qualificacao-profissional-abes-seleciona-e-divulga-cursos-do-instituto-exito-de-empreendedorismo-para-seus-associados\\\/\"},\"author\":{\"name\":\"prima-dev\",\"@id\":\"https:\\\/\\\/abes.org.br\\\/#\\\/schema\\\/person\\\/1bad6bff859e7d56ec5664b01968e27e\"},\"headline\":\"Qualifica\u00e7\u00e3o profissional: ABES seleciona e divulga cursos do Instituto \u00caxito de Empreendedorismo para seus associados\",\"datePublished\":\"2020-08-10T00:00:00+00:00\",\"dateModified\":\"2020-09-24T21:21:37+00:00\",\"mainEntityOfPage\":{\"@id\":\"https:\\\/\\\/abes.org.br\\\/en\\\/qualificacao-profissional-abes-seleciona-e-divulga-cursos-do-instituto-exito-de-empreendedorismo-para-seus-associados\\\/\"},\"wordCount\":468,\"publisher\":{\"@id\":\"https:\\\/\\\/abes.org.br\\\/#organization\"},\"image\":{\"@id\":\"https:\\\/\\\/abes.org.br\\\/en\\\/qualificacao-profissional-abes-seleciona-e-divulga-cursos-do-instituto-exito-de-empreendedorismo-para-seus-associados\\\/#primaryimage\"},\"thumbnailUrl\":\"https:\\\/\\\/abes.org.br\\\/wp-content\\\/uploads\\\/2020\\\/08\\\/qualificacao-profissional.jpg\",\"articleSection\":[\"-Coluna 2\",\"\u00daltimas not\u00edcias\"],\"inLanguage\":\"en-US\"},{\"@type\":\"WebPage\",\"@id\":\"https:\\\/\\\/abes.org.br\\\/en\\\/qualificacao-profissional-abes-seleciona-e-divulga-cursos-do-instituto-exito-de-empreendedorismo-para-seus-associados\\\/\",\"url\":\"https:\\\/\\\/abes.org.br\\\/en\\\/qualificacao-profissional-abes-seleciona-e-divulga-cursos-do-instituto-exito-de-empreendedorismo-para-seus-associados\\\/\",\"name\":\"Qualifica\u00e7\u00e3o profissional: ABES seleciona e divulga cursos do Instituto \u00caxito de Empreendedorismo para seus associados - ABES\",\"isPartOf\":{\"@id\":\"https:\\\/\\\/abes.org.br\\\/#website\"},\"primaryImageOfPage\":{\"@id\":\"https:\\\/\\\/abes.org.br\\\/en\\\/qualificacao-profissional-abes-seleciona-e-divulga-cursos-do-instituto-exito-de-empreendedorismo-para-seus-associados\\\/#primaryimage\"},\"image\":{\"@id\":\"https:\\\/\\\/abes.org.br\\\/en\\\/qualificacao-profissional-abes-seleciona-e-divulga-cursos-do-instituto-exito-de-empreendedorismo-para-seus-associados\\\/#primaryimage\"},\"thumbnailUrl\":\"https:\\\/\\\/abes.org.br\\\/wp-content\\\/uploads\\\/2020\\\/08\\\/qualificacao-profissional.jpg\",\"datePublished\":\"2020-08-10T00:00:00+00:00\",\"dateModified\":\"2020-09-24T21:21:37+00:00\",\"breadcrumb\":{\"@id\":\"https:\\\/\\\/abes.org.br\\\/en\\\/qualificacao-profissional-abes-seleciona-e-divulga-cursos-do-instituto-exito-de-empreendedorismo-para-seus-associados\\\/#breadcrumb\"},\"inLanguage\":\"en-US\",\"potentialAction\":[{\"@type\":\"ReadAction\",\"target\":[\"https:\\\/\\\/abes.org.br\\\/en\\\/qualificacao-profissional-abes-seleciona-e-divulga-cursos-do-instituto-exito-de-empreendedorismo-para-seus-associados\\\/\"]}]},{\"@type\":\"ImageObject\",\"inLanguage\":\"en-US\",\"@id\":\"https:\\\/\\\/abes.org.br\\\/en\\\/qualificacao-profissional-abes-seleciona-e-divulga-cursos-do-instituto-exito-de-empreendedorismo-para-seus-associados\\\/#primaryimage\",\"url\":\"https:\\\/\\\/abes.org.br\\\/wp-content\\\/uploads\\\/2020\\\/08\\\/qualificacao-profissional.jpg\",\"contentUrl\":\"https:\\\/\\\/abes.org.br\\\/wp-content\\\/uploads\\\/2020\\\/08\\\/qualificacao-profissional.jpg\",\"width\":910,\"height\":512,\"caption\":\"Qualifica\u00e7\u00e3o profissional: ABES seleciona e divulga cursos do Instituto \u00caxito de Empreendedorismo para seus associados\"},{\"@type\":\"BreadcrumbList\",\"@id\":\"https:\\\/\\\/abes.org.br\\\/en\\\/qualificacao-profissional-abes-seleciona-e-divulga-cursos-do-instituto-exito-de-empreendedorismo-para-seus-associados\\\/#breadcrumb\",\"itemListElement\":[{\"@type\":\"ListItem\",\"position\":1,\"name\":\"In\u00edcio\",\"item\":\"https:\\\/\\\/abes.org.br\\\/\"},{\"@type\":\"ListItem\",\"position\":2,\"name\":\"Qualifica\u00e7\u00e3o profissional: ABES seleciona e divulga cursos do Instituto \u00caxito de Empreendedorismo para seus associados\"}]},{\"@type\":\"WebSite\",\"@id\":\"https:\\\/\\\/abes.org.br\\\/#website\",\"url\":\"https:\\\/\\\/abes.org.br\\\/\",\"name\":\"ABES\",\"description\":\"Associa\u00e7\u00e3o Brasileira das Empresas de Software\",\"publisher\":{\"@id\":\"https:\\\/\\\/abes.org.br\\\/#organization\"},\"potentialAction\":[{\"@type\":\"SearchAction\",\"target\":{\"@type\":\"EntryPoint\",\"urlTemplate\":\"https:\\\/\\\/abes.org.br\\\/?s={search_term_string}\"},\"query-input\":{\"@type\":\"PropertyValueSpecification\",\"valueRequired\":true,\"valueName\":\"search_term_string\"}}],\"inLanguage\":\"en-US\"},{\"@type\":\"Organization\",\"@id\":\"https:\\\/\\\/abes.org.br\\\/#organization\",\"name\":\"Associa\u00e7\u00e3o Brasileira das Empresas de Software\",\"url\":\"https:\\\/\\\/abes.org.br\\\/\",\"logo\":{\"@type\":\"ImageObject\",\"inLanguage\":\"en-US\",\"@id\":\"https:\\\/\\\/abes.org.br\\\/#\\\/schema\\\/logo\\\/image\\\/\",\"url\":\"https:\\\/\\\/abes.org.br\\\/wp-content\\\/uploads\\\/2020\\\/09\\\/logo_abes_marca_d_tagline_horizontal_verde-amarelo_cmyk.png\",\"contentUrl\":\"https:\\\/\\\/abes.org.br\\\/wp-content\\\/uploads\\\/2020\\\/09\\\/logo_abes_marca_d_tagline_horizontal_verde-amarelo_cmyk.png\",\"width\":324,\"height\":70,\"caption\":\"Associa\u00e7\u00e3o Brasileira das Empresas de Software\"},\"image\":{\"@id\":\"https:\\\/\\\/abes.org.br\\\/#\\\/schema\\\/logo\\\/image\\\/\"},\"sameAs\":[\"https:\\\/\\\/www.facebook.com\\\/ABES.software\",\"https:\\\/\\\/x.com\\\/ABES_SOFTWARE\",\"https:\\\/\\\/www.linkedin.com\\\/company\\\/abes-software\\\/\",\"https:\\\/\\\/www.instagram.com\\\/abes_software\\\/\"]},{\"@type\":\"Person\",\"@id\":\"https:\\\/\\\/abes.org.br\\\/#\\\/schema\\\/person\\\/1bad6bff859e7d56ec5664b01968e27e\",\"name\":\"prima-dev\",\"image\":{\"@type\":\"ImageObject\",\"inLanguage\":\"en-US\",\"@id\":\"https:\\\/\\\/secure.gravatar.com\\\/avatar\\\/039c6325210cecd393c57645bc755f7d13deed578fddf4dbfa87bc05dcbcfa4b?s=96&d=mm&r=g\",\"url\":\"https:\\\/\\\/secure.gravatar.com\\\/avatar\\\/039c6325210cecd393c57645bc755f7d13deed578fddf4dbfa87bc05dcbcfa4b?s=96&d=mm&r=g\",\"contentUrl\":\"https:\\\/\\\/secure.gravatar.com\\\/avatar\\\/039c6325210cecd393c57645bc755f7d13deed578fddf4dbfa87bc05dcbcfa4b?s=96&d=mm&r=g\",\"caption\":\"prima-dev\"},\"url\":\"https:\\\/\\\/abes.org.br\\\/en\\\/author\\\/prima-dev\\\/\"}]}<\/script>\n<!-- \/ Yoast SEO plugin. -->","yoast_head_json":{"title":"Qualifica\u00e7\u00e3o profissional: ABES seleciona e divulga cursos do Instituto \u00caxito de Empreendedorismo para seus associados - ABES","robots":{"index":"index","follow":"follow","max-snippet":"max-snippet:-1","max-image-preview":"max-image-preview:large","max-video-preview":"max-video-preview:-1"},"canonical":"https:\/\/abes.org.br\/en\/qualificacao-profissional-abes-seleciona-e-divulga-cursos-do-instituto-exito-de-empreendedorismo-para-seus-associados\/","og_locale":"en_US","og_type":"article","og_title":"Qualifica\u00e7\u00e3o profissional: ABES seleciona e divulga cursos do Instituto \u00caxito de Empreendedorismo para seus associados - ABES","og_description":"Como parte do conv\u00eanio firmado com o Instituto \u00caxito de Empreendedorismo, a ABES selecionou mais de 100 cursos e palestras inspiradoras para compor a plataforma exclusiva da entidade, que pode ser acessada gratuitamente pelos associados e colaboradores destas empresas, mediante cadastro.Entre os cursos selecionados est\u00e3o: Captando Investimentos; Forma\u00e7\u00e3o de Profissionais para Licita\u00e7\u00f5es; As 15 compet\u00eancias [&hellip;]","og_url":"https:\/\/abes.org.br\/en\/qualificacao-profissional-abes-seleciona-e-divulga-cursos-do-instituto-exito-de-empreendedorismo-para-seus-associados\/","og_site_name":"ABES","article_publisher":"https:\/\/www.facebook.com\/ABES.software","article_published_time":"2020-08-10T00:00:00+00:00","article_modified_time":"2020-09-24T21:21:37+00:00","og_image":[{"width":910,"height":512,"url":"https:\/\/abes.org.br\/wp-content\/uploads\/2020\/08\/qualificacao-profissional.jpg","type":"image\/jpeg"}],"author":"prima-dev","twitter_card":"summary_large_image","twitter_creator":"@ABES_SOFTWARE","twitter_site":"@ABES_SOFTWARE","twitter_misc":{"Written by":"prima-dev","Est. reading time":"2 minutes"},"schema":{"@context":"https:\/\/schema.org","@graph":[{"@type":"Article","@id":"https:\/\/abes.org.br\/en\/qualificacao-profissional-abes-seleciona-e-divulga-cursos-do-instituto-exito-de-empreendedorismo-para-seus-associados\/#article","isPartOf":{"@id":"https:\/\/abes.org.br\/en\/qualificacao-profissional-abes-seleciona-e-divulga-cursos-do-instituto-exito-de-empreendedorismo-para-seus-associados\/"},"author":{"name":"prima-dev","@id":"https:\/\/abes.org.br\/#\/schema\/person\/1bad6bff859e7d56ec5664b01968e27e"},"headline":"Qualifica\u00e7\u00e3o profissional: ABES seleciona e divulga cursos do Instituto \u00caxito de Empreendedorismo para seus associados","datePublished":"2020-08-10T00:00:00+00:00","dateModified":"2020-09-24T21:21:37+00:00","mainEntityOfPage":{"@id":"https:\/\/abes.org.br\/en\/qualificacao-profissional-abes-seleciona-e-divulga-cursos-do-instituto-exito-de-empreendedorismo-para-seus-associados\/"},"wordCount":468,"publisher":{"@id":"https:\/\/abes.org.br\/#organization"},"image":{"@id":"https:\/\/abes.org.br\/en\/qualificacao-profissional-abes-seleciona-e-divulga-cursos-do-instituto-exito-de-empreendedorismo-para-seus-associados\/#primaryimage"},"thumbnailUrl":"https:\/\/abes.org.br\/wp-content\/uploads\/2020\/08\/qualificacao-profissional.jpg","articleSection":["-Coluna 2","\u00daltimas not\u00edcias"],"inLanguage":"en-US"},{"@type":"WebPage","@id":"https:\/\/abes.org.br\/en\/qualificacao-profissional-abes-seleciona-e-divulga-cursos-do-instituto-exito-de-empreendedorismo-para-seus-associados\/","url":"https:\/\/abes.org.br\/en\/qualificacao-profissional-abes-seleciona-e-divulga-cursos-do-instituto-exito-de-empreendedorismo-para-seus-associados\/","name":"Qualifica\u00e7\u00e3o profissional: ABES seleciona e divulga cursos do Instituto \u00caxito de Empreendedorismo para seus associados - ABES","isPartOf":{"@id":"https:\/\/abes.org.br\/#website"},"primaryImageOfPage":{"@id":"https:\/\/abes.org.br\/en\/qualificacao-profissional-abes-seleciona-e-divulga-cursos-do-instituto-exito-de-empreendedorismo-para-seus-associados\/#primaryimage"},"image":{"@id":"https:\/\/abes.org.br\/en\/qualificacao-profissional-abes-seleciona-e-divulga-cursos-do-instituto-exito-de-empreendedorismo-para-seus-associados\/#primaryimage"},"thumbnailUrl":"https:\/\/abes.org.br\/wp-content\/uploads\/2020\/08\/qualificacao-profissional.jpg","datePublished":"2020-08-10T00:00:00+00:00","dateModified":"2020-09-24T21:21:37+00:00","breadcrumb":{"@id":"https:\/\/abes.org.br\/en\/qualificacao-profissional-abes-seleciona-e-divulga-cursos-do-instituto-exito-de-empreendedorismo-para-seus-associados\/#breadcrumb"},"inLanguage":"en-US","potentialAction":[{"@type":"ReadAction","target":["https:\/\/abes.org.br\/en\/qualificacao-profissional-abes-seleciona-e-divulga-cursos-do-instituto-exito-de-empreendedorismo-para-seus-associados\/"]}]},{"@type":"ImageObject","inLanguage":"en-US","@id":"https:\/\/abes.org.br\/en\/qualificacao-profissional-abes-seleciona-e-divulga-cursos-do-instituto-exito-de-empreendedorismo-para-seus-associados\/#primaryimage","url":"https:\/\/abes.org.br\/wp-content\/uploads\/2020\/08\/qualificacao-profissional.jpg","contentUrl":"https:\/\/abes.org.br\/wp-content\/uploads\/2020\/08\/qualificacao-profissional.jpg","width":910,"height":512,"caption":"Qualifica\u00e7\u00e3o profissional: ABES seleciona e divulga cursos do Instituto \u00caxito de Empreendedorismo para seus associados"},{"@type":"BreadcrumbList","@id":"https:\/\/abes.org.br\/en\/qualificacao-profissional-abes-seleciona-e-divulga-cursos-do-instituto-exito-de-empreendedorismo-para-seus-associados\/#breadcrumb","itemListElement":[{"@type":"ListItem","position":1,"name":"In\u00edcio","item":"https:\/\/abes.org.br\/"},{"@type":"ListItem","position":2,"name":"Qualifica\u00e7\u00e3o profissional: ABES seleciona e divulga cursos do Instituto \u00caxito de Empreendedorismo para seus associados"}]},{"@type":"WebSite","@id":"https:\/\/abes.org.br\/#website","url":"https:\/\/abes.org.br\/","name":"ABES","description":"Brazilian Association of Software Companies","publisher":{"@id":"https:\/\/abes.org.br\/#organization"},"potentialAction":[{"@type":"SearchAction","target":{"@type":"EntryPoint","urlTemplate":"https:\/\/abes.org.br\/?s={search_term_string}"},"query-input":{"@type":"PropertyValueSpecification","valueRequired":true,"valueName":"search_term_string"}}],"inLanguage":"en-US"},{"@type":"Organization","@id":"https:\/\/abes.org.br\/#organization","name":"Brazilian Association of Software Companies","url":"https:\/\/abes.org.br\/","logo":{"@type":"ImageObject","inLanguage":"en-US","@id":"https:\/\/abes.org.br\/#\/schema\/logo\/image\/","url":"https:\/\/abes.org.br\/wp-content\/uploads\/2020\/09\/logo_abes_marca_d_tagline_horizontal_verde-amarelo_cmyk.png","contentUrl":"https:\/\/abes.org.br\/wp-content\/uploads\/2020\/09\/logo_abes_marca_d_tagline_horizontal_verde-amarelo_cmyk.png","width":324,"height":70,"caption":"Associa\u00e7\u00e3o Brasileira das Empresas de Software"},"image":{"@id":"https:\/\/abes.org.br\/#\/schema\/logo\/image\/"},"sameAs":["https:\/\/www.facebook.com\/ABES.software","https:\/\/x.com\/ABES_SOFTWARE","https:\/\/www.linkedin.com\/company\/abes-software\/","https:\/\/www.instagram.com\/abes_software\/"]},{"@type":"Person","@id":"https:\/\/abes.org.br\/#\/schema\/person\/1bad6bff859e7d56ec5664b01968e27e","name":"prima-dev","image":{"@type":"ImageObject","inLanguage":"en-US","@id":"https:\/\/secure.gravatar.com\/avatar\/039c6325210cecd393c57645bc755f7d13deed578fddf4dbfa87bc05dcbcfa4b?s=96&d=mm&r=g","url":"https:\/\/secure.gravatar.com\/avatar\/039c6325210cecd393c57645bc755f7d13deed578fddf4dbfa87bc05dcbcfa4b?s=96&d=mm&r=g","contentUrl":"https:\/\/secure.gravatar.com\/avatar\/039c6325210cecd393c57645bc755f7d13deed578fddf4dbfa87bc05dcbcfa4b?s=96&d=mm&r=g","caption":"prima-dev"},"url":"https:\/\/abes.org.br\/en\/author\/prima-dev\/"}]}},"publishpress_future_action":{"enabled":false,"date":"2026-05-03 06:39:24","action":"change-status","newStatus":"draft","terms":[],"taxonomy":"category","extraData":[]},"publishpress_future_workflow_manual_trigger":{"enabledWorkflows":[]},"_links":{"self":[{"href":"https:\/\/abes.org.br\/en\/wp-json\/wp\/v2\/posts\/10448","targetHints":{"allow":["GET"]}}],"collection":[{"href":"https:\/\/abes.org.br\/en\/wp-json\/wp\/v2\/posts"}],"about":[{"href":"https:\/\/abes.org.br\/en\/wp-json\/wp\/v2\/types\/post"}],"author":[{"embeddable":true,"href":"https:\/\/abes.org.br\/en\/wp-json\/wp\/v2\/users\/2"}],"replies":[{"embeddable":true,"href":"https:\/\/abes.org.br\/en\/wp-json\/wp\/v2\/comments?post=10448"}],"version-history":[{"count":1,"href":"https:\/\/abes.org.br\/en\/wp-json\/wp\/v2\/posts\/10448\/revisions"}],"predecessor-version":[{"id":23192,"href":"https:\/\/abes.org.br\/en\/wp-json\/wp\/v2\/posts\/10448\/revisions\/23192"}],"wp:featuredmedia":[{"embeddable":true,"href":"https:\/\/abes.org.br\/en\/wp-json\/wp\/v2\/media\/23189"}],"wp:attachment":[{"href":"https:\/\/abes.org.br\/en\/wp-json\/wp\/v2\/media?parent=10448"}],"wp:term":[{"taxonomy":"category","embeddable":true,"href":"https:\/\/abes.org.br\/en\/wp-json\/wp\/v2\/categories?post=10448"},{"taxonomy":"post_tag","embeddable":true,"href":"https:\/\/abes.org.br\/en\/wp-json\/wp\/v2\/tags?post=10448"}],"curies":[{"name":"wp","href":"https:\/\/api.w.org\/{rel}","templated":true}]}}