{"id":10443,"date":"2020-08-10T00:00:00","date_gmt":"2020-08-10T00:00:00","guid":{"rendered":"https:\/\/abes.org.br\/?p=10443"},"modified":"2020-08-10T00:00:00","modified_gmt":"2020-08-10T00:00:00","slug":"oxigenio-aceleradora-abre-as-inscricoes-para-o-10o-ciclo-de-aceleracao-com-o-foco-em-startups-em-fase-de-tracao","status":"publish","type":"post","link":"https:\/\/abes.org.br\/en\/oxigenio-aceleradora-abre-as-inscricoes-para-o-10o-ciclo-de-aceleracao-com-o-foco-em-startups-em-fase-de-tracao\/","title":{"rendered":"Accelerator Oxygen opens registration for the 10th acceleration cycle with a focus on startups in the traction phase"},"content":{"rendered":"<div style=\"text-align: justify;\">\n<p>\n\tAfter more than 50 Startups accelerated in nine cycles, enrollment for another cycle is now open and is equity free, that is, it does not require a change in equity interest<\/p>\n<p>\tThe 10th acceleration cycle of Oxig\u00eanio Aceleradora started on August 4th, with a focus on 100% of business generation and the equity free model. This means that it does not require the opening of equity interest and consulting. The accelerator, which is part of the Porto Seguro Group, seeks to attract startups in the traction phase, focusing on business opportunities between them and Porto Seguro.<\/p>\n<p>\tThe goal is to select up to 10 startups, who will participate for four months in the process of accelerating Oxig\u00eanio, in S\u00e3o Paulo, having at their disposal a space equipped with a technology laboratory, auditorium, meeting rooms, in addition to the possibility of having access to events about innovation and entrepreneurship<strong>*<\/strong>. \u201cEveryone will be monitored by market mentors, the Oxig\u00eanio Aceleradora team and the company&#039;s executives,\u201d says Mauricio Martinez, Research and Development manager at Porto Seguro e Oxig\u00eanio Aceleradora. \u201cIn addition to our partners, who already offer discounts and bonuses for the use of their services, legal consultancy, design, advisory services, among others, will be made available, which will certainly contribute to the development of the startups&#039; activities\u201d, he completes.<\/p>\n<p>\tOxig\u00eanio Aceleradora seeks solutions that can generate value in the markets in which Porto Seguro operates, such as: insurance, financial products, credit, health, residential and automotive services. For this cycle, among the priority themes are big data and analytics, financial and credit solutions, customer experience, customer insights, new channels, combating fraud, CRM and artificial intelligence. \u201cOur main objective is to create business opportunities with Porto Seguro, develop companies with innovative solutions and thus stimulate the entrepreneurship ecosystem in Brazil.<\/p>\n<p>\tThe equity free model offers a more simplified process and a series of benefits for startups that already have a project in progress and need encouragement to continue with their work. We want startups that offer solutions to our business and contribute to the market\u201d, emphasizes Mauricio Martinez.<\/p>\n<p>\tOxig\u00eanio will also promote meetings with other partner companies and clients of the Porto Seguro Group, in order to provide business opportunities for these companies.<\/p>\n<p>\tThose interested in the new selection process can register on the accelerator&#039;s website <a href=\"https:\/\/oxigenioaceleradora.com.br\">https:\/\/oxigenioaceleradora.com.br<\/a>.<\/p>\n<p>\t<strong>*<\/strong>Face-to-face benefits under analysis, which can be adapted, depending on social distancing.<\/p>\n<p>\t<strong>Service<\/strong><br \/>\n\tRegistration starts: August 4th<br \/>\n\tEnd of registration: September 27<br \/>\n\tSubscription fee: free<br \/>\n\tStartups to be selected: Up to 10 startups<\/div>","protected":false},"excerpt":{"rendered":"<p>Depois de mais de 50 Startups aceleradas em nove ciclos, as inscri&ccedil;&otilde;es para mais um ciclo j&aacute; est&atilde;o abertas e s&atilde;o equity free, ou seja, n&atilde;o exige troca de participa&ccedil;&atilde;o societ&aacute;ria Come&ccedil;ou no dia 4 de agosto o 10&ordm; ciclo de acelera&ccedil;&atilde;o da Oxig&ecirc;nio Aceleradora com foco em 100% de gera&ccedil;&atilde;o de neg&oacute;cios e modelo [&hellip;]<\/p>\n","protected":false},"author":2,"featured_media":0,"comment_status":"closed","ping_status":"open","sticky":false,"template":"","format":"standard","meta":{"_acf_changed":false,"_et_pb_use_builder":"","_et_pb_old_content":"","_et_gb_content_width":"","footnotes":""},"categories":[19],"tags":[],"class_list":["post-10443","post","type-post","status-publish","format-standard","hentry","category-ultimas-noticias"],"acf":[],"yoast_head":"<!-- This site is optimized with the Yoast SEO plugin v27.3 - https:\/\/yoast.com\/product\/yoast-seo-wordpress\/ -->\n<title>Oxig\u00eanio Aceleradora abre as inscri\u00e7\u00f5es para o 10\u00ba ciclo de acelera\u00e7\u00e3o com o foco em startups em fase de tra\u00e7\u00e3o - ABES<\/title>\n<meta name=\"robots\" content=\"index, follow, max-snippet:-1, max-image-preview:large, max-video-preview:-1\" \/>\n<link rel=\"canonical\" href=\"https:\/\/abes.org.br\/en\/oxigenio-aceleradora-abre-as-inscricoes-para-o-10o-ciclo-de-aceleracao-com-o-foco-em-startups-em-fase-de-tracao\/\" \/>\n<meta property=\"og:locale\" content=\"en_US\" \/>\n<meta property=\"og:type\" content=\"article\" \/>\n<meta property=\"og:title\" content=\"Oxig\u00eanio Aceleradora abre as inscri\u00e7\u00f5es para o 10\u00ba ciclo de acelera\u00e7\u00e3o com o foco em startups em fase de tra\u00e7\u00e3o - ABES\" \/>\n<meta property=\"og:description\" content=\"Depois de mais de 50 Startups aceleradas em nove ciclos, as inscri&ccedil;&otilde;es para mais um ciclo j&aacute; est&atilde;o abertas e s&atilde;o equity free, ou seja, n&atilde;o exige troca de participa&ccedil;&atilde;o societ&aacute;ria Come&ccedil;ou no dia 4 de agosto o 10&ordm; ciclo de acelera&ccedil;&atilde;o da Oxig&ecirc;nio Aceleradora com foco em 100% de gera&ccedil;&atilde;o de neg&oacute;cios e modelo [&hellip;]\" \/>\n<meta property=\"og:url\" content=\"https:\/\/abes.org.br\/en\/oxigenio-aceleradora-abre-as-inscricoes-para-o-10o-ciclo-de-aceleracao-com-o-foco-em-startups-em-fase-de-tracao\/\" \/>\n<meta property=\"og:site_name\" content=\"ABES\" \/>\n<meta property=\"article:publisher\" content=\"https:\/\/www.facebook.com\/ABES.software\" \/>\n<meta property=\"article:published_time\" content=\"2020-08-10T00:00:00+00:00\" \/>\n<meta property=\"og:image\" content=\"https:\/\/abes.org.br\/wp-content\/uploads\/2021\/01\/logo_abes_marca_tagline_horizontal_colorido_rgb.png\" \/>\n\t<meta property=\"og:image:width\" content=\"3509\" \/>\n\t<meta property=\"og:image:height\" content=\"2482\" \/>\n\t<meta property=\"og:image:type\" content=\"image\/png\" \/>\n<meta name=\"author\" content=\"prima-dev\" \/>\n<meta name=\"twitter:card\" content=\"summary_large_image\" \/>\n<meta name=\"twitter:creator\" content=\"@ABES_SOFTWARE\" \/>\n<meta name=\"twitter:site\" content=\"@ABES_SOFTWARE\" \/>\n<meta name=\"twitter:label1\" content=\"Written by\" \/>\n\t<meta name=\"twitter:data1\" content=\"prima-dev\" \/>\n\t<meta name=\"twitter:label2\" content=\"Est. reading time\" \/>\n\t<meta name=\"twitter:data2\" content=\"3 minutes\" \/>\n<script type=\"application\/ld+json\" class=\"yoast-schema-graph\">{\"@context\":\"https:\\\/\\\/schema.org\",\"@graph\":[{\"@type\":\"Article\",\"@id\":\"https:\\\/\\\/abes.org.br\\\/en\\\/oxigenio-aceleradora-abre-as-inscricoes-para-o-10o-ciclo-de-aceleracao-com-o-foco-em-startups-em-fase-de-tracao\\\/#article\",\"isPartOf\":{\"@id\":\"https:\\\/\\\/abes.org.br\\\/en\\\/oxigenio-aceleradora-abre-as-inscricoes-para-o-10o-ciclo-de-aceleracao-com-o-foco-em-startups-em-fase-de-tracao\\\/\"},\"author\":{\"name\":\"prima-dev\",\"@id\":\"https:\\\/\\\/abes.org.br\\\/#\\\/schema\\\/person\\\/1bad6bff859e7d56ec5664b01968e27e\"},\"headline\":\"Oxig\u00eanio Aceleradora abre as inscri\u00e7\u00f5es para o 10\u00ba ciclo de acelera\u00e7\u00e3o com o foco em startups em fase de tra\u00e7\u00e3o\",\"datePublished\":\"2020-08-10T00:00:00+00:00\",\"mainEntityOfPage\":{\"@id\":\"https:\\\/\\\/abes.org.br\\\/en\\\/oxigenio-aceleradora-abre-as-inscricoes-para-o-10o-ciclo-de-aceleracao-com-o-foco-em-startups-em-fase-de-tracao\\\/\"},\"wordCount\":604,\"publisher\":{\"@id\":\"https:\\\/\\\/abes.org.br\\\/#organization\"},\"articleSection\":[\"\u00daltimas not\u00edcias\"],\"inLanguage\":\"en-US\"},{\"@type\":\"WebPage\",\"@id\":\"https:\\\/\\\/abes.org.br\\\/en\\\/oxigenio-aceleradora-abre-as-inscricoes-para-o-10o-ciclo-de-aceleracao-com-o-foco-em-startups-em-fase-de-tracao\\\/\",\"url\":\"https:\\\/\\\/abes.org.br\\\/en\\\/oxigenio-aceleradora-abre-as-inscricoes-para-o-10o-ciclo-de-aceleracao-com-o-foco-em-startups-em-fase-de-tracao\\\/\",\"name\":\"Oxig\u00eanio Aceleradora abre as inscri\u00e7\u00f5es para o 10\u00ba ciclo de acelera\u00e7\u00e3o com o foco em startups em fase de tra\u00e7\u00e3o - ABES\",\"isPartOf\":{\"@id\":\"https:\\\/\\\/abes.org.br\\\/#website\"},\"datePublished\":\"2020-08-10T00:00:00+00:00\",\"breadcrumb\":{\"@id\":\"https:\\\/\\\/abes.org.br\\\/en\\\/oxigenio-aceleradora-abre-as-inscricoes-para-o-10o-ciclo-de-aceleracao-com-o-foco-em-startups-em-fase-de-tracao\\\/#breadcrumb\"},\"inLanguage\":\"en-US\",\"potentialAction\":[{\"@type\":\"ReadAction\",\"target\":[\"https:\\\/\\\/abes.org.br\\\/en\\\/oxigenio-aceleradora-abre-as-inscricoes-para-o-10o-ciclo-de-aceleracao-com-o-foco-em-startups-em-fase-de-tracao\\\/\"]}]},{\"@type\":\"BreadcrumbList\",\"@id\":\"https:\\\/\\\/abes.org.br\\\/en\\\/oxigenio-aceleradora-abre-as-inscricoes-para-o-10o-ciclo-de-aceleracao-com-o-foco-em-startups-em-fase-de-tracao\\\/#breadcrumb\",\"itemListElement\":[{\"@type\":\"ListItem\",\"position\":1,\"name\":\"In\u00edcio\",\"item\":\"https:\\\/\\\/abes.org.br\\\/\"},{\"@type\":\"ListItem\",\"position\":2,\"name\":\"Oxig\u00eanio Aceleradora abre as inscri\u00e7\u00f5es para o 10\u00ba ciclo de acelera\u00e7\u00e3o com o foco em startups em fase de tra\u00e7\u00e3o\"}]},{\"@type\":\"WebSite\",\"@id\":\"https:\\\/\\\/abes.org.br\\\/#website\",\"url\":\"https:\\\/\\\/abes.org.br\\\/\",\"name\":\"ABES\",\"description\":\"Associa\u00e7\u00e3o Brasileira das Empresas de Software\",\"publisher\":{\"@id\":\"https:\\\/\\\/abes.org.br\\\/#organization\"},\"potentialAction\":[{\"@type\":\"SearchAction\",\"target\":{\"@type\":\"EntryPoint\",\"urlTemplate\":\"https:\\\/\\\/abes.org.br\\\/?s={search_term_string}\"},\"query-input\":{\"@type\":\"PropertyValueSpecification\",\"valueRequired\":true,\"valueName\":\"search_term_string\"}}],\"inLanguage\":\"en-US\"},{\"@type\":\"Organization\",\"@id\":\"https:\\\/\\\/abes.org.br\\\/#organization\",\"name\":\"Associa\u00e7\u00e3o Brasileira das Empresas de Software\",\"url\":\"https:\\\/\\\/abes.org.br\\\/\",\"logo\":{\"@type\":\"ImageObject\",\"inLanguage\":\"en-US\",\"@id\":\"https:\\\/\\\/abes.org.br\\\/#\\\/schema\\\/logo\\\/image\\\/\",\"url\":\"https:\\\/\\\/abes.org.br\\\/wp-content\\\/uploads\\\/2020\\\/09\\\/logo_abes_marca_d_tagline_horizontal_verde-amarelo_cmyk.png\",\"contentUrl\":\"https:\\\/\\\/abes.org.br\\\/wp-content\\\/uploads\\\/2020\\\/09\\\/logo_abes_marca_d_tagline_horizontal_verde-amarelo_cmyk.png\",\"width\":324,\"height\":70,\"caption\":\"Associa\u00e7\u00e3o Brasileira das Empresas de Software\"},\"image\":{\"@id\":\"https:\\\/\\\/abes.org.br\\\/#\\\/schema\\\/logo\\\/image\\\/\"},\"sameAs\":[\"https:\\\/\\\/www.facebook.com\\\/ABES.software\",\"https:\\\/\\\/x.com\\\/ABES_SOFTWARE\",\"https:\\\/\\\/www.linkedin.com\\\/company\\\/abes-software\\\/\",\"https:\\\/\\\/www.instagram.com\\\/abes_software\\\/\"]},{\"@type\":\"Person\",\"@id\":\"https:\\\/\\\/abes.org.br\\\/#\\\/schema\\\/person\\\/1bad6bff859e7d56ec5664b01968e27e\",\"name\":\"prima-dev\",\"image\":{\"@type\":\"ImageObject\",\"inLanguage\":\"en-US\",\"@id\":\"https:\\\/\\\/secure.gravatar.com\\\/avatar\\\/039c6325210cecd393c57645bc755f7d13deed578fddf4dbfa87bc05dcbcfa4b?s=96&d=mm&r=g\",\"url\":\"https:\\\/\\\/secure.gravatar.com\\\/avatar\\\/039c6325210cecd393c57645bc755f7d13deed578fddf4dbfa87bc05dcbcfa4b?s=96&d=mm&r=g\",\"contentUrl\":\"https:\\\/\\\/secure.gravatar.com\\\/avatar\\\/039c6325210cecd393c57645bc755f7d13deed578fddf4dbfa87bc05dcbcfa4b?s=96&d=mm&r=g\",\"caption\":\"prima-dev\"},\"url\":\"https:\\\/\\\/abes.org.br\\\/en\\\/author\\\/prima-dev\\\/\"}]}<\/script>\n<!-- \/ Yoast SEO plugin. -->","yoast_head_json":{"title":"Oxig\u00eanio Aceleradora abre as inscri\u00e7\u00f5es para o 10\u00ba ciclo de acelera\u00e7\u00e3o com o foco em startups em fase de tra\u00e7\u00e3o - ABES","robots":{"index":"index","follow":"follow","max-snippet":"max-snippet:-1","max-image-preview":"max-image-preview:large","max-video-preview":"max-video-preview:-1"},"canonical":"https:\/\/abes.org.br\/en\/oxigenio-aceleradora-abre-as-inscricoes-para-o-10o-ciclo-de-aceleracao-com-o-foco-em-startups-em-fase-de-tracao\/","og_locale":"en_US","og_type":"article","og_title":"Oxig\u00eanio Aceleradora abre as inscri\u00e7\u00f5es para o 10\u00ba ciclo de acelera\u00e7\u00e3o com o foco em startups em fase de tra\u00e7\u00e3o - ABES","og_description":"Depois de mais de 50 Startups aceleradas em nove ciclos, as inscri&ccedil;&otilde;es para mais um ciclo j&aacute; est&atilde;o abertas e s&atilde;o equity free, ou seja, n&atilde;o exige troca de participa&ccedil;&atilde;o societ&aacute;ria Come&ccedil;ou no dia 4 de agosto o 10&ordm; ciclo de acelera&ccedil;&atilde;o da Oxig&ecirc;nio Aceleradora com foco em 100% de gera&ccedil;&atilde;o de neg&oacute;cios e modelo [&hellip;]","og_url":"https:\/\/abes.org.br\/en\/oxigenio-aceleradora-abre-as-inscricoes-para-o-10o-ciclo-de-aceleracao-com-o-foco-em-startups-em-fase-de-tracao\/","og_site_name":"ABES","article_publisher":"https:\/\/www.facebook.com\/ABES.software","article_published_time":"2020-08-10T00:00:00+00:00","og_image":[{"width":3509,"height":2482,"url":"https:\/\/abes.org.br\/wp-content\/uploads\/2021\/01\/logo_abes_marca_tagline_horizontal_colorido_rgb.png","type":"image\/png"}],"author":"prima-dev","twitter_card":"summary_large_image","twitter_creator":"@ABES_SOFTWARE","twitter_site":"@ABES_SOFTWARE","twitter_misc":{"Written by":"prima-dev","Est. reading time":"3 minutes"},"schema":{"@context":"https:\/\/schema.org","@graph":[{"@type":"Article","@id":"https:\/\/abes.org.br\/en\/oxigenio-aceleradora-abre-as-inscricoes-para-o-10o-ciclo-de-aceleracao-com-o-foco-em-startups-em-fase-de-tracao\/#article","isPartOf":{"@id":"https:\/\/abes.org.br\/en\/oxigenio-aceleradora-abre-as-inscricoes-para-o-10o-ciclo-de-aceleracao-com-o-foco-em-startups-em-fase-de-tracao\/"},"author":{"name":"prima-dev","@id":"https:\/\/abes.org.br\/#\/schema\/person\/1bad6bff859e7d56ec5664b01968e27e"},"headline":"Oxig\u00eanio Aceleradora abre as inscri\u00e7\u00f5es para o 10\u00ba ciclo de acelera\u00e7\u00e3o com o foco em startups em fase de tra\u00e7\u00e3o","datePublished":"2020-08-10T00:00:00+00:00","mainEntityOfPage":{"@id":"https:\/\/abes.org.br\/en\/oxigenio-aceleradora-abre-as-inscricoes-para-o-10o-ciclo-de-aceleracao-com-o-foco-em-startups-em-fase-de-tracao\/"},"wordCount":604,"publisher":{"@id":"https:\/\/abes.org.br\/#organization"},"articleSection":["\u00daltimas not\u00edcias"],"inLanguage":"en-US"},{"@type":"WebPage","@id":"https:\/\/abes.org.br\/en\/oxigenio-aceleradora-abre-as-inscricoes-para-o-10o-ciclo-de-aceleracao-com-o-foco-em-startups-em-fase-de-tracao\/","url":"https:\/\/abes.org.br\/en\/oxigenio-aceleradora-abre-as-inscricoes-para-o-10o-ciclo-de-aceleracao-com-o-foco-em-startups-em-fase-de-tracao\/","name":"Oxig\u00eanio Aceleradora abre as inscri\u00e7\u00f5es para o 10\u00ba ciclo de acelera\u00e7\u00e3o com o foco em startups em fase de tra\u00e7\u00e3o - ABES","isPartOf":{"@id":"https:\/\/abes.org.br\/#website"},"datePublished":"2020-08-10T00:00:00+00:00","breadcrumb":{"@id":"https:\/\/abes.org.br\/en\/oxigenio-aceleradora-abre-as-inscricoes-para-o-10o-ciclo-de-aceleracao-com-o-foco-em-startups-em-fase-de-tracao\/#breadcrumb"},"inLanguage":"en-US","potentialAction":[{"@type":"ReadAction","target":["https:\/\/abes.org.br\/en\/oxigenio-aceleradora-abre-as-inscricoes-para-o-10o-ciclo-de-aceleracao-com-o-foco-em-startups-em-fase-de-tracao\/"]}]},{"@type":"BreadcrumbList","@id":"https:\/\/abes.org.br\/en\/oxigenio-aceleradora-abre-as-inscricoes-para-o-10o-ciclo-de-aceleracao-com-o-foco-em-startups-em-fase-de-tracao\/#breadcrumb","itemListElement":[{"@type":"ListItem","position":1,"name":"In\u00edcio","item":"https:\/\/abes.org.br\/"},{"@type":"ListItem","position":2,"name":"Oxig\u00eanio Aceleradora abre as inscri\u00e7\u00f5es para o 10\u00ba ciclo de acelera\u00e7\u00e3o com o foco em startups em fase de tra\u00e7\u00e3o"}]},{"@type":"WebSite","@id":"https:\/\/abes.org.br\/#website","url":"https:\/\/abes.org.br\/","name":"ABES","description":"Brazilian Association of Software Companies","publisher":{"@id":"https:\/\/abes.org.br\/#organization"},"potentialAction":[{"@type":"SearchAction","target":{"@type":"EntryPoint","urlTemplate":"https:\/\/abes.org.br\/?s={search_term_string}"},"query-input":{"@type":"PropertyValueSpecification","valueRequired":true,"valueName":"search_term_string"}}],"inLanguage":"en-US"},{"@type":"Organization","@id":"https:\/\/abes.org.br\/#organization","name":"Brazilian Association of Software Companies","url":"https:\/\/abes.org.br\/","logo":{"@type":"ImageObject","inLanguage":"en-US","@id":"https:\/\/abes.org.br\/#\/schema\/logo\/image\/","url":"https:\/\/abes.org.br\/wp-content\/uploads\/2020\/09\/logo_abes_marca_d_tagline_horizontal_verde-amarelo_cmyk.png","contentUrl":"https:\/\/abes.org.br\/wp-content\/uploads\/2020\/09\/logo_abes_marca_d_tagline_horizontal_verde-amarelo_cmyk.png","width":324,"height":70,"caption":"Associa\u00e7\u00e3o Brasileira das Empresas de Software"},"image":{"@id":"https:\/\/abes.org.br\/#\/schema\/logo\/image\/"},"sameAs":["https:\/\/www.facebook.com\/ABES.software","https:\/\/x.com\/ABES_SOFTWARE","https:\/\/www.linkedin.com\/company\/abes-software\/","https:\/\/www.instagram.com\/abes_software\/"]},{"@type":"Person","@id":"https:\/\/abes.org.br\/#\/schema\/person\/1bad6bff859e7d56ec5664b01968e27e","name":"prima-dev","image":{"@type":"ImageObject","inLanguage":"en-US","@id":"https:\/\/secure.gravatar.com\/avatar\/039c6325210cecd393c57645bc755f7d13deed578fddf4dbfa87bc05dcbcfa4b?s=96&d=mm&r=g","url":"https:\/\/secure.gravatar.com\/avatar\/039c6325210cecd393c57645bc755f7d13deed578fddf4dbfa87bc05dcbcfa4b?s=96&d=mm&r=g","contentUrl":"https:\/\/secure.gravatar.com\/avatar\/039c6325210cecd393c57645bc755f7d13deed578fddf4dbfa87bc05dcbcfa4b?s=96&d=mm&r=g","caption":"prima-dev"},"url":"https:\/\/abes.org.br\/en\/author\/prima-dev\/"}]}},"publishpress_future_action":{"enabled":false,"date":"2026-05-03 08:27:52","action":"change-status","newStatus":"draft","terms":[],"taxonomy":"category","extraData":[]},"publishpress_future_workflow_manual_trigger":{"enabledWorkflows":[]},"_links":{"self":[{"href":"https:\/\/abes.org.br\/en\/wp-json\/wp\/v2\/posts\/10443","targetHints":{"allow":["GET"]}}],"collection":[{"href":"https:\/\/abes.org.br\/en\/wp-json\/wp\/v2\/posts"}],"about":[{"href":"https:\/\/abes.org.br\/en\/wp-json\/wp\/v2\/types\/post"}],"author":[{"embeddable":true,"href":"https:\/\/abes.org.br\/en\/wp-json\/wp\/v2\/users\/2"}],"replies":[{"embeddable":true,"href":"https:\/\/abes.org.br\/en\/wp-json\/wp\/v2\/comments?post=10443"}],"version-history":[{"count":0,"href":"https:\/\/abes.org.br\/en\/wp-json\/wp\/v2\/posts\/10443\/revisions"}],"wp:attachment":[{"href":"https:\/\/abes.org.br\/en\/wp-json\/wp\/v2\/media?parent=10443"}],"wp:term":[{"taxonomy":"category","embeddable":true,"href":"https:\/\/abes.org.br\/en\/wp-json\/wp\/v2\/categories?post=10443"},{"taxonomy":"post_tag","embeddable":true,"href":"https:\/\/abes.org.br\/en\/wp-json\/wp\/v2\/tags?post=10443"}],"curies":[{"name":"wp","href":"https:\/\/api.w.org\/{rel}","templated":true}]}}