{"id":10440,"date":"2020-08-07T00:00:00","date_gmt":"2020-08-07T00:00:00","guid":{"rendered":"https:\/\/abes.org.br\/?p=10440"},"modified":"2020-08-07T00:00:00","modified_gmt":"2020-08-07T00:00:00","slug":"governo-de-sao-paulo-lancou-o-programa-de-inovacao-ideiagov","status":"publish","type":"post","link":"https:\/\/abes.org.br\/en\/governo-de-sao-paulo-lancou-o-programa-de-inovacao-ideiagov\/","title":{"rendered":"Government of S\u00e3o Paulo launched the IdeiaGov innovation program"},"content":{"rendered":"<div style=\"text-align: justify;\">\n<p>\n\tThe Government of the State of S\u00e3o Paulo launched the IdeiaGov innovation program, with the objective of using solutions brought by the market and society to the challenges of the state government, in order to offer better public services for the citizen and more efficiency in public management.<\/p>\n<p>\tSupported by FAPESP, the program works on three action fronts:<\/p>\n<p>\t1) a meeting space between different actors in the impact entrepreneurship ecosystem and the science, technology and innovation system in the State of S\u00e3o Paulo.<br \/>\n\t2) acceleration of businesses that solve problems of public interest and complement the government&#039;s work.<br \/>\n\t3) create challenges based on demands from government agencies in S\u00e3o Paulo that enhance the relationship and the hiring of innovative solutions.<\/p>\n<p>\t&quot;The initiative aims to make the Government of S\u00e3o Paulo an international reference in innovation in the public sector and also boost economic development with public procurement of innovation, mainly providing opportunities for startups, small and medium and innovative companies in general&quot;, said Patricia Ellen , Secretary of Economic Development of the State of S\u00e3o Paulo, at the launch of the program in June.<\/p>\n<p>\tImpact Hub \u2013 a Brazilian organization connected to a global network of entrepreneurs, with the purpose of developing solutions and transformational businesses \u2013 was chosen to operationalize the program.<\/p>\n<p>\t&quot;The Government and Economic Development secretariats, who designed the program, realized the importance of bringing an organization like Impact Hub to run an initiative like this, which seeks to find solutions to cross-cutting and complex challenges found in state public management and which are common to other spheres of government in Brazil and in the world\u201d, says Felipe Massami Maruyama, director of innovation in government at Impact Hub and who is in charge of the initiative.<\/p>\n<p>\t<strong>Legacy of Pitch Gov<\/strong><\/p>\n<p>\tIdeiaGov brought much of the lessons learned from Pitch Gov \u2013 an initiative also launched by the Government of the State of S\u00e3o Paulo, at the end of 2015, in partnership with the Brazilian Association of Startups, with the objective of identifying innovative solutions developed by startups to solve the challenges of public administration in the areas of education, statistics and data analysis, public finance, housing, sanitation and energy, health, transparency and transport.<\/p>\n<p>\t&quot;Pitch Gov, at the time of the program&#039;s launch, could not enjoy, for example, the maturing of legislation that emerged later, such as the new Legal Framework for Science, Technology and Innovation, which brought the legal framework that could contribute to the implementation of solutions innovative,\u201d says Maruyama.<\/p>\n<p>\t<strong>new legal framework<\/strong><\/p>\n<p>\tSanctioned at the beginning of 2016, the new legal framework regulates long-term partnerships between the public and private sectors, giving greater flexibility of action to scientific, technological and innovation institutions (ICTs) and their respective support entities.<\/p>\n<p>\tOne of the innovations in the legislation is the possibility of exemption from bidding, by the public administration, in the contracting of innovative services or products from micro, small and medium-sized companies.<\/p>\n<p>\tIt also establishes the possibility of using the Differentiated Public Contracting Regime (RDC) for actions in bodies and entities dedicated to science, technology and innovation. And it foresees the possibility for governors and mayors to establish a simplified regime, with their own rules for acquisitions in these areas.<\/p>\n<p>\t<strong>Pilot Program to Combat COVID-19<\/strong><\/p>\n<p>\tBased on this diagnosis by Pitch Gov and with a more mature and tested regulatory framework, IdeiaGov was designed not only to make the connection between market and society solutions with the challenges of public authorities, but also to support throughout the journey , from supporting public servants in structuring problems to the implementation of innovations by the government through the various existing legal modalities, explains the expert.<\/p>\n<p>\tIdeiaGov&#039;s first pilot program is aimed at identifying new technologies and innovative solutions with the potential to combat and minimize the impacts of the new coronavirus, SARS-CoV-2, on the population&#039;s health.<\/p>\n<p>\tThe program is divided into two modes:<\/p>\n<p>\t1) \u201cGovernment Challenges\u201d: dedicated to finding innovative solutions for companies and research organizations of any size for concrete challenges facing the coronavirus in the current scenario. The first call of this modality has the challenge of carrying out tests for the diagnosis of COVID-19, in order to make them accessible for public health programs and replicable to reach the greatest possible number of people. Applications for the first challenge can be submitted until the 10th of August through the website <a href=\"http:\/\/www.ideiagov.sp.gov.br\">www.ideiagov.sp.gov.br<\/a>.<\/p>\n<p>\t2) \u201cTechnological offers from the market\u201d: it is an entry channel to receive proposals for technologies related to the fight against COVID-19, whether for products, services or processes for the area of public health. Among the general criteria for selection are the degree of innovation of the solutions presented, the potential for adoption by public administration bodies, the profile of the company and the team involved, and the maturity of the technology. The current IdeiaGov notice seeks to identify technological and innovative solutions that allow the monitoring of vital signs and\/or remote operation of medication for hospitalized patients. Applications can be submitted until the 12th of August, also through the website <a href=\"http:\/\/www.ideiagov.sp.gov.br\">www.ideiagov.sp.gov.br<\/a>.<\/p>\n<p>\tThe proposals will be analyzed by a group of experts, composed of representatives of government agencies interested in purchasing or implementing the selected solutions, in addition to considering the specific criteria of each of the notices.<\/p>\n<p>\t&quot;These professionals will evaluate different aspects of the proposals, indicating when to test or validate them within an environment of real use, such as the hospital, for example, to, based on this, verify the potential of the implementation, whether through a public purchase or in other ways,\u201d says Maruyama.<\/p>\n<p>\tThe companies will have access to the technical teams of the Hospital das Cl\u00ednicas of the Faculty of Medicine of the University of S\u00e3o Paulo (FM-USP) and the Technological Research Institute (IPT), as well as laboratory infrastructure and specialized equipment for guidance, support in the execution of proofs of concept, real use cases, pilot tests, and exchange of technical information. In addition, the initiative also has the support of several organizations operating in the areas of business generation, from science and technology, innovation in government and social technologies, such as Wylinka and the Tellus Institute.<\/p>\n<p>\tAt the end of the cycle of both modalities, the validated solutions may have access to financing lines and\/or contracting of their solutions by public bodies.<\/p>\n<p>\t\u201cThe proposal is to launch several challenges within macro-themes, such as COVID-19, enabling the articulation of partners that support us in different stages of development of the best solutions\u201d, says Maruyama.<\/p><\/div>\n<p>\n<em>Source: FAPESP Agency<\/em><\/p>","protected":false},"excerpt":{"rendered":"<p>O Governo do Estado de S&atilde;o Paulo lan&ccedil;ou o programa de inova&ccedil;&atilde;o IdeiaGov, com o objetivo de utilizar solu&ccedil;&otilde;es trazidas pelo mercado e pela sociedade para desafios do poder p&uacute;blico estadual, de modo a oferecer melhores servi&ccedil;os p&uacute;blicos para o cidad&atilde;o e mais efici&ecirc;ncia na gest&atilde;o p&uacute;blica. Apoiado pela FAPESP, o programa atua em tr&ecirc;s [&hellip;]<\/p>\n","protected":false},"author":2,"featured_media":0,"comment_status":"closed","ping_status":"open","sticky":false,"template":"","format":"standard","meta":{"_acf_changed":false,"_et_pb_use_builder":"","_et_pb_old_content":"","_et_gb_content_width":"","footnotes":""},"categories":[19],"tags":[],"class_list":["post-10440","post","type-post","status-publish","format-standard","hentry","category-ultimas-noticias"],"acf":[],"yoast_head":"<!-- This site is optimized with the Yoast SEO plugin v27.3 - https:\/\/yoast.com\/product\/yoast-seo-wordpress\/ -->\n<title>Governo de S\u00e3o Paulo lan\u00e7ou o programa de inova\u00e7\u00e3o IdeiaGov - ABES<\/title>\n<meta name=\"robots\" content=\"index, follow, max-snippet:-1, max-image-preview:large, max-video-preview:-1\" \/>\n<link rel=\"canonical\" href=\"https:\/\/abes.org.br\/en\/governo-de-sao-paulo-lancou-o-programa-de-inovacao-ideiagov\/\" \/>\n<meta property=\"og:locale\" content=\"en_US\" \/>\n<meta property=\"og:type\" content=\"article\" \/>\n<meta property=\"og:title\" content=\"Governo de S\u00e3o Paulo lan\u00e7ou o programa de inova\u00e7\u00e3o IdeiaGov - ABES\" \/>\n<meta property=\"og:description\" content=\"O Governo do Estado de S&atilde;o Paulo lan&ccedil;ou o programa de inova&ccedil;&atilde;o IdeiaGov, com o objetivo de utilizar solu&ccedil;&otilde;es trazidas pelo mercado e pela sociedade para desafios do poder p&uacute;blico estadual, de modo a oferecer melhores servi&ccedil;os p&uacute;blicos para o cidad&atilde;o e mais efici&ecirc;ncia na gest&atilde;o p&uacute;blica. Apoiado pela FAPESP, o programa atua em tr&ecirc;s [&hellip;]\" \/>\n<meta property=\"og:url\" content=\"https:\/\/abes.org.br\/en\/governo-de-sao-paulo-lancou-o-programa-de-inovacao-ideiagov\/\" \/>\n<meta property=\"og:site_name\" content=\"ABES\" \/>\n<meta property=\"article:publisher\" content=\"https:\/\/www.facebook.com\/ABES.software\" \/>\n<meta property=\"article:published_time\" content=\"2020-08-07T00:00:00+00:00\" \/>\n<meta property=\"og:image\" content=\"https:\/\/abes.org.br\/wp-content\/uploads\/2021\/01\/logo_abes_marca_tagline_horizontal_colorido_rgb.png\" \/>\n\t<meta property=\"og:image:width\" content=\"3509\" \/>\n\t<meta property=\"og:image:height\" content=\"2482\" \/>\n\t<meta property=\"og:image:type\" content=\"image\/png\" \/>\n<meta name=\"author\" content=\"prima-dev\" \/>\n<meta name=\"twitter:card\" content=\"summary_large_image\" \/>\n<meta name=\"twitter:creator\" content=\"@ABES_SOFTWARE\" \/>\n<meta name=\"twitter:site\" content=\"@ABES_SOFTWARE\" \/>\n<meta name=\"twitter:label1\" content=\"Written by\" \/>\n\t<meta name=\"twitter:data1\" content=\"prima-dev\" \/>\n\t<meta name=\"twitter:label2\" content=\"Est. reading time\" \/>\n\t<meta name=\"twitter:data2\" content=\"8 minutes\" \/>\n<script type=\"application\/ld+json\" class=\"yoast-schema-graph\">{\"@context\":\"https:\\\/\\\/schema.org\",\"@graph\":[{\"@type\":\"Article\",\"@id\":\"https:\\\/\\\/abes.org.br\\\/en\\\/governo-de-sao-paulo-lancou-o-programa-de-inovacao-ideiagov\\\/#article\",\"isPartOf\":{\"@id\":\"https:\\\/\\\/abes.org.br\\\/en\\\/governo-de-sao-paulo-lancou-o-programa-de-inovacao-ideiagov\\\/\"},\"author\":{\"name\":\"prima-dev\",\"@id\":\"https:\\\/\\\/abes.org.br\\\/#\\\/schema\\\/person\\\/1bad6bff859e7d56ec5664b01968e27e\"},\"headline\":\"Governo de S\u00e3o Paulo lan\u00e7ou o programa de inova\u00e7\u00e3o IdeiaGov\",\"datePublished\":\"2020-08-07T00:00:00+00:00\",\"mainEntityOfPage\":{\"@id\":\"https:\\\/\\\/abes.org.br\\\/en\\\/governo-de-sao-paulo-lancou-o-programa-de-inovacao-ideiagov\\\/\"},\"wordCount\":1572,\"publisher\":{\"@id\":\"https:\\\/\\\/abes.org.br\\\/#organization\"},\"articleSection\":[\"\u00daltimas not\u00edcias\"],\"inLanguage\":\"en-US\"},{\"@type\":\"WebPage\",\"@id\":\"https:\\\/\\\/abes.org.br\\\/en\\\/governo-de-sao-paulo-lancou-o-programa-de-inovacao-ideiagov\\\/\",\"url\":\"https:\\\/\\\/abes.org.br\\\/en\\\/governo-de-sao-paulo-lancou-o-programa-de-inovacao-ideiagov\\\/\",\"name\":\"Governo de S\u00e3o Paulo lan\u00e7ou o programa de inova\u00e7\u00e3o IdeiaGov - ABES\",\"isPartOf\":{\"@id\":\"https:\\\/\\\/abes.org.br\\\/#website\"},\"datePublished\":\"2020-08-07T00:00:00+00:00\",\"breadcrumb\":{\"@id\":\"https:\\\/\\\/abes.org.br\\\/en\\\/governo-de-sao-paulo-lancou-o-programa-de-inovacao-ideiagov\\\/#breadcrumb\"},\"inLanguage\":\"en-US\",\"potentialAction\":[{\"@type\":\"ReadAction\",\"target\":[\"https:\\\/\\\/abes.org.br\\\/en\\\/governo-de-sao-paulo-lancou-o-programa-de-inovacao-ideiagov\\\/\"]}]},{\"@type\":\"BreadcrumbList\",\"@id\":\"https:\\\/\\\/abes.org.br\\\/en\\\/governo-de-sao-paulo-lancou-o-programa-de-inovacao-ideiagov\\\/#breadcrumb\",\"itemListElement\":[{\"@type\":\"ListItem\",\"position\":1,\"name\":\"In\u00edcio\",\"item\":\"https:\\\/\\\/abes.org.br\\\/\"},{\"@type\":\"ListItem\",\"position\":2,\"name\":\"Governo de S\u00e3o Paulo lan\u00e7ou o programa de inova\u00e7\u00e3o IdeiaGov\"}]},{\"@type\":\"WebSite\",\"@id\":\"https:\\\/\\\/abes.org.br\\\/#website\",\"url\":\"https:\\\/\\\/abes.org.br\\\/\",\"name\":\"ABES\",\"description\":\"Associa\u00e7\u00e3o Brasileira das Empresas de Software\",\"publisher\":{\"@id\":\"https:\\\/\\\/abes.org.br\\\/#organization\"},\"potentialAction\":[{\"@type\":\"SearchAction\",\"target\":{\"@type\":\"EntryPoint\",\"urlTemplate\":\"https:\\\/\\\/abes.org.br\\\/?s={search_term_string}\"},\"query-input\":{\"@type\":\"PropertyValueSpecification\",\"valueRequired\":true,\"valueName\":\"search_term_string\"}}],\"inLanguage\":\"en-US\"},{\"@type\":\"Organization\",\"@id\":\"https:\\\/\\\/abes.org.br\\\/#organization\",\"name\":\"Associa\u00e7\u00e3o Brasileira das Empresas de Software\",\"url\":\"https:\\\/\\\/abes.org.br\\\/\",\"logo\":{\"@type\":\"ImageObject\",\"inLanguage\":\"en-US\",\"@id\":\"https:\\\/\\\/abes.org.br\\\/#\\\/schema\\\/logo\\\/image\\\/\",\"url\":\"https:\\\/\\\/abes.org.br\\\/wp-content\\\/uploads\\\/2020\\\/09\\\/logo_abes_marca_d_tagline_horizontal_verde-amarelo_cmyk.png\",\"contentUrl\":\"https:\\\/\\\/abes.org.br\\\/wp-content\\\/uploads\\\/2020\\\/09\\\/logo_abes_marca_d_tagline_horizontal_verde-amarelo_cmyk.png\",\"width\":324,\"height\":70,\"caption\":\"Associa\u00e7\u00e3o Brasileira das Empresas de Software\"},\"image\":{\"@id\":\"https:\\\/\\\/abes.org.br\\\/#\\\/schema\\\/logo\\\/image\\\/\"},\"sameAs\":[\"https:\\\/\\\/www.facebook.com\\\/ABES.software\",\"https:\\\/\\\/x.com\\\/ABES_SOFTWARE\",\"https:\\\/\\\/www.linkedin.com\\\/company\\\/abes-software\\\/\",\"https:\\\/\\\/www.instagram.com\\\/abes_software\\\/\"]},{\"@type\":\"Person\",\"@id\":\"https:\\\/\\\/abes.org.br\\\/#\\\/schema\\\/person\\\/1bad6bff859e7d56ec5664b01968e27e\",\"name\":\"prima-dev\",\"image\":{\"@type\":\"ImageObject\",\"inLanguage\":\"en-US\",\"@id\":\"https:\\\/\\\/secure.gravatar.com\\\/avatar\\\/039c6325210cecd393c57645bc755f7d13deed578fddf4dbfa87bc05dcbcfa4b?s=96&d=mm&r=g\",\"url\":\"https:\\\/\\\/secure.gravatar.com\\\/avatar\\\/039c6325210cecd393c57645bc755f7d13deed578fddf4dbfa87bc05dcbcfa4b?s=96&d=mm&r=g\",\"contentUrl\":\"https:\\\/\\\/secure.gravatar.com\\\/avatar\\\/039c6325210cecd393c57645bc755f7d13deed578fddf4dbfa87bc05dcbcfa4b?s=96&d=mm&r=g\",\"caption\":\"prima-dev\"},\"url\":\"https:\\\/\\\/abes.org.br\\\/en\\\/author\\\/prima-dev\\\/\"}]}<\/script>\n<!-- \/ Yoast SEO plugin. -->","yoast_head_json":{"title":"Governo de S\u00e3o Paulo lan\u00e7ou o programa de inova\u00e7\u00e3o IdeiaGov - ABES","robots":{"index":"index","follow":"follow","max-snippet":"max-snippet:-1","max-image-preview":"max-image-preview:large","max-video-preview":"max-video-preview:-1"},"canonical":"https:\/\/abes.org.br\/en\/governo-de-sao-paulo-lancou-o-programa-de-inovacao-ideiagov\/","og_locale":"en_US","og_type":"article","og_title":"Governo de S\u00e3o Paulo lan\u00e7ou o programa de inova\u00e7\u00e3o IdeiaGov - ABES","og_description":"O Governo do Estado de S&atilde;o Paulo lan&ccedil;ou o programa de inova&ccedil;&atilde;o IdeiaGov, com o objetivo de utilizar solu&ccedil;&otilde;es trazidas pelo mercado e pela sociedade para desafios do poder p&uacute;blico estadual, de modo a oferecer melhores servi&ccedil;os p&uacute;blicos para o cidad&atilde;o e mais efici&ecirc;ncia na gest&atilde;o p&uacute;blica. Apoiado pela FAPESP, o programa atua em tr&ecirc;s [&hellip;]","og_url":"https:\/\/abes.org.br\/en\/governo-de-sao-paulo-lancou-o-programa-de-inovacao-ideiagov\/","og_site_name":"ABES","article_publisher":"https:\/\/www.facebook.com\/ABES.software","article_published_time":"2020-08-07T00:00:00+00:00","og_image":[{"width":3509,"height":2482,"url":"https:\/\/abes.org.br\/wp-content\/uploads\/2021\/01\/logo_abes_marca_tagline_horizontal_colorido_rgb.png","type":"image\/png"}],"author":"prima-dev","twitter_card":"summary_large_image","twitter_creator":"@ABES_SOFTWARE","twitter_site":"@ABES_SOFTWARE","twitter_misc":{"Written by":"prima-dev","Est. reading time":"8 minutes"},"schema":{"@context":"https:\/\/schema.org","@graph":[{"@type":"Article","@id":"https:\/\/abes.org.br\/en\/governo-de-sao-paulo-lancou-o-programa-de-inovacao-ideiagov\/#article","isPartOf":{"@id":"https:\/\/abes.org.br\/en\/governo-de-sao-paulo-lancou-o-programa-de-inovacao-ideiagov\/"},"author":{"name":"prima-dev","@id":"https:\/\/abes.org.br\/#\/schema\/person\/1bad6bff859e7d56ec5664b01968e27e"},"headline":"Governo de S\u00e3o Paulo lan\u00e7ou o programa de inova\u00e7\u00e3o IdeiaGov","datePublished":"2020-08-07T00:00:00+00:00","mainEntityOfPage":{"@id":"https:\/\/abes.org.br\/en\/governo-de-sao-paulo-lancou-o-programa-de-inovacao-ideiagov\/"},"wordCount":1572,"publisher":{"@id":"https:\/\/abes.org.br\/#organization"},"articleSection":["\u00daltimas not\u00edcias"],"inLanguage":"en-US"},{"@type":"WebPage","@id":"https:\/\/abes.org.br\/en\/governo-de-sao-paulo-lancou-o-programa-de-inovacao-ideiagov\/","url":"https:\/\/abes.org.br\/en\/governo-de-sao-paulo-lancou-o-programa-de-inovacao-ideiagov\/","name":"Governo de S\u00e3o Paulo lan\u00e7ou o programa de inova\u00e7\u00e3o IdeiaGov - ABES","isPartOf":{"@id":"https:\/\/abes.org.br\/#website"},"datePublished":"2020-08-07T00:00:00+00:00","breadcrumb":{"@id":"https:\/\/abes.org.br\/en\/governo-de-sao-paulo-lancou-o-programa-de-inovacao-ideiagov\/#breadcrumb"},"inLanguage":"en-US","potentialAction":[{"@type":"ReadAction","target":["https:\/\/abes.org.br\/en\/governo-de-sao-paulo-lancou-o-programa-de-inovacao-ideiagov\/"]}]},{"@type":"BreadcrumbList","@id":"https:\/\/abes.org.br\/en\/governo-de-sao-paulo-lancou-o-programa-de-inovacao-ideiagov\/#breadcrumb","itemListElement":[{"@type":"ListItem","position":1,"name":"In\u00edcio","item":"https:\/\/abes.org.br\/"},{"@type":"ListItem","position":2,"name":"Governo de S\u00e3o Paulo lan\u00e7ou o programa de inova\u00e7\u00e3o IdeiaGov"}]},{"@type":"WebSite","@id":"https:\/\/abes.org.br\/#website","url":"https:\/\/abes.org.br\/","name":"ABES","description":"Brazilian Association of Software Companies","publisher":{"@id":"https:\/\/abes.org.br\/#organization"},"potentialAction":[{"@type":"SearchAction","target":{"@type":"EntryPoint","urlTemplate":"https:\/\/abes.org.br\/?s={search_term_string}"},"query-input":{"@type":"PropertyValueSpecification","valueRequired":true,"valueName":"search_term_string"}}],"inLanguage":"en-US"},{"@type":"Organization","@id":"https:\/\/abes.org.br\/#organization","name":"Brazilian Association of Software Companies","url":"https:\/\/abes.org.br\/","logo":{"@type":"ImageObject","inLanguage":"en-US","@id":"https:\/\/abes.org.br\/#\/schema\/logo\/image\/","url":"https:\/\/abes.org.br\/wp-content\/uploads\/2020\/09\/logo_abes_marca_d_tagline_horizontal_verde-amarelo_cmyk.png","contentUrl":"https:\/\/abes.org.br\/wp-content\/uploads\/2020\/09\/logo_abes_marca_d_tagline_horizontal_verde-amarelo_cmyk.png","width":324,"height":70,"caption":"Associa\u00e7\u00e3o Brasileira das Empresas de Software"},"image":{"@id":"https:\/\/abes.org.br\/#\/schema\/logo\/image\/"},"sameAs":["https:\/\/www.facebook.com\/ABES.software","https:\/\/x.com\/ABES_SOFTWARE","https:\/\/www.linkedin.com\/company\/abes-software\/","https:\/\/www.instagram.com\/abes_software\/"]},{"@type":"Person","@id":"https:\/\/abes.org.br\/#\/schema\/person\/1bad6bff859e7d56ec5664b01968e27e","name":"prima-dev","image":{"@type":"ImageObject","inLanguage":"en-US","@id":"https:\/\/secure.gravatar.com\/avatar\/039c6325210cecd393c57645bc755f7d13deed578fddf4dbfa87bc05dcbcfa4b?s=96&d=mm&r=g","url":"https:\/\/secure.gravatar.com\/avatar\/039c6325210cecd393c57645bc755f7d13deed578fddf4dbfa87bc05dcbcfa4b?s=96&d=mm&r=g","contentUrl":"https:\/\/secure.gravatar.com\/avatar\/039c6325210cecd393c57645bc755f7d13deed578fddf4dbfa87bc05dcbcfa4b?s=96&d=mm&r=g","caption":"prima-dev"},"url":"https:\/\/abes.org.br\/en\/author\/prima-dev\/"}]}},"publishpress_future_action":{"enabled":false,"date":"2026-05-03 06:39:37","action":"change-status","newStatus":"draft","terms":[],"taxonomy":"category","extraData":[]},"publishpress_future_workflow_manual_trigger":{"enabledWorkflows":[]},"_links":{"self":[{"href":"https:\/\/abes.org.br\/en\/wp-json\/wp\/v2\/posts\/10440","targetHints":{"allow":["GET"]}}],"collection":[{"href":"https:\/\/abes.org.br\/en\/wp-json\/wp\/v2\/posts"}],"about":[{"href":"https:\/\/abes.org.br\/en\/wp-json\/wp\/v2\/types\/post"}],"author":[{"embeddable":true,"href":"https:\/\/abes.org.br\/en\/wp-json\/wp\/v2\/users\/2"}],"replies":[{"embeddable":true,"href":"https:\/\/abes.org.br\/en\/wp-json\/wp\/v2\/comments?post=10440"}],"version-history":[{"count":0,"href":"https:\/\/abes.org.br\/en\/wp-json\/wp\/v2\/posts\/10440\/revisions"}],"wp:attachment":[{"href":"https:\/\/abes.org.br\/en\/wp-json\/wp\/v2\/media?parent=10440"}],"wp:term":[{"taxonomy":"category","embeddable":true,"href":"https:\/\/abes.org.br\/en\/wp-json\/wp\/v2\/categories?post=10440"},{"taxonomy":"post_tag","embeddable":true,"href":"https:\/\/abes.org.br\/en\/wp-json\/wp\/v2\/tags?post=10440"}],"curies":[{"name":"wp","href":"https:\/\/api.w.org\/{rel}","templated":true}]}}