{"id":10438,"date":"2020-08-07T00:00:00","date_gmt":"2020-08-07T00:00:00","guid":{"rendered":"https:\/\/abes.org.br\/?p=10438"},"modified":"2020-08-07T00:00:00","modified_gmt":"2020-08-07T00:00:00","slug":"instituto-nexxera-abre-inscricoes-gratuitas-para-programa-de-desenvolvimento-de-empreendedores-e-negocios-de-impacto","status":"publish","type":"post","link":"https:\/\/abes.org.br\/en\/instituto-nexxera-abre-inscricoes-gratuitas-para-programa-de-desenvolvimento-de-empreendedores-e-negocios-de-impacto\/","title":{"rendered":"Nexxera Institute Opens Free Enrollment for Entrepreneurs and Impact Business Development Program"},"content":{"rendered":"<div style=\"text-align: justify;\">\n<p>\n\tConexx\u00e3o de Impacto will select initiatives for the edition of the second semester of the year. At <strong>registration is free and can be made until August 17th<\/strong><\/p>\n<p>\tThe Nexxera Institute has open enrollment for the Impact Connection, a program that was created to help in the development of impact entrepreneurs and businesses. The initiative aims to contribute to the promotion of an entrepreneurial culture and the development of skills for social innovation and impact entrepreneurship.<\/p>\n<p>\tAll of this is done through individual and collective mentoring with experts. In addition, the program will leverage ideas and businesses from people from socially vulnerable communities interested in entrepreneurship.<\/p>\n<p>\t\u201cThroughout 2020, Conexx\u00e3o de Impacto has already impacted more than 90 projects, helping to develop ideas and impact businesses. The Nexxera Institute seeks to act as a catalyst for sustainable ideas and business with bold and transformative measures to build change in the present, encouraging new models of production and behavior. And with that, improve the lives of people and the planet, building a future in which no one is left behind. In this sense, the program has a prerogative aligned with the 2030 Agenda of the Sustainable Development Goals (SDGs) and participating businesses must meet the SDGs in their businesses to participate in the Impact Connection\u201d, reveals Andrea Silva, President of the Nexxera Institute.<\/p>\n<p>\tThe program&#039;s methodology was developed from scientific studies aligned with good impact business development practices. As a central axis, the program has entrepreneurial training through an environment of learning and knowledge sharing in search of creating transformative solutions.<\/p>\n<p>\tUntil 2019, the 100% project was developed in person, but in 2020, due to the pandemic and the recommendation of social isolation, the project started to be executed in an online format without losing any quality. Thus, the edition for the second half of 2020 foresees 60 hours of training in entrepreneurship through EaD tools, including 2 monthly individual mentorships and 9 collective mentorships with specialists. These mentorships will focus on improving and developing the business, addressing all phases of evolution \u2013 from problem identification to structuring and commercialization.<\/p>\n<p>\t<strong>Entries are free and can be made until the 17th of August through the website<\/strong> <a href=\"http:\/\/www.institutonexxera.org.br\/index.php\/inscricao-conexxao-de-impacto\/\">http:\/\/www.institutonexxera.org.br\/index.php\/inscricao-conexxao-de-impacto\/<\/a>. The course will be in EAD format and will last for three months.<\/p>\n<p>\t<strong>About Nexxera Institute<\/strong><\/p>\n<p>\tWe are a Social Innovation platform that for over 11 years has contributed to transforming the reality of people and communities. We promote social inclusion and transformation through knowledge generation and sharing, people development and sustainable business strengthening. For this, we mainly use entrepreneurship as a tool to generate sustainable impact.<\/p><\/div>","protected":false},"excerpt":{"rendered":"<p>Conexx&atilde;o de Impacto selecionar&aacute; iniciativas para a edi&ccedil;&atilde;o do segundo semestre do ano. As inscri&ccedil;&otilde;es s&atilde;o gratuitas e podem ser realizadas at&eacute; 17 de Agosto O Instituto Nexxera est&aacute; com inscri&ccedil;&otilde;es abertas para o Conexx&atilde;o de Impacto, programa que foi criado para ajudar no desenvolvimento de empreendedores e neg&oacute;cios de impacto. A iniciativa visa contribuir [&hellip;]<\/p>\n","protected":false},"author":2,"featured_media":0,"comment_status":"closed","ping_status":"open","sticky":false,"template":"","format":"standard","meta":{"_acf_changed":false,"_et_pb_use_builder":"","_et_pb_old_content":"","_et_gb_content_width":"","footnotes":""},"categories":[19],"tags":[],"class_list":["post-10438","post","type-post","status-publish","format-standard","hentry","category-ultimas-noticias"],"acf":[],"yoast_head":"<!-- This site is optimized with the Yoast SEO plugin v27.3 - https:\/\/yoast.com\/product\/yoast-seo-wordpress\/ -->\n<title>Instituto Nexxera abre inscri\u00e7\u00f5es gratuitas para programa de desenvolvimento de empreendedores e neg\u00f3cios de impacto - ABES<\/title>\n<meta name=\"robots\" content=\"index, follow, max-snippet:-1, max-image-preview:large, max-video-preview:-1\" \/>\n<link rel=\"canonical\" href=\"https:\/\/abes.org.br\/en\/instituto-nexxera-abre-inscricoes-gratuitas-para-programa-de-desenvolvimento-de-empreendedores-e-negocios-de-impacto\/\" \/>\n<meta property=\"og:locale\" content=\"en_US\" \/>\n<meta property=\"og:type\" content=\"article\" \/>\n<meta property=\"og:title\" content=\"Instituto Nexxera abre inscri\u00e7\u00f5es gratuitas para programa de desenvolvimento de empreendedores e neg\u00f3cios de impacto - ABES\" \/>\n<meta property=\"og:description\" content=\"Conexx&atilde;o de Impacto selecionar&aacute; iniciativas para a edi&ccedil;&atilde;o do segundo semestre do ano. As inscri&ccedil;&otilde;es s&atilde;o gratuitas e podem ser realizadas at&eacute; 17 de Agosto O Instituto Nexxera est&aacute; com inscri&ccedil;&otilde;es abertas para o Conexx&atilde;o de Impacto, programa que foi criado para ajudar no desenvolvimento de empreendedores e neg&oacute;cios de impacto. A iniciativa visa contribuir [&hellip;]\" \/>\n<meta property=\"og:url\" content=\"https:\/\/abes.org.br\/en\/instituto-nexxera-abre-inscricoes-gratuitas-para-programa-de-desenvolvimento-de-empreendedores-e-negocios-de-impacto\/\" \/>\n<meta property=\"og:site_name\" content=\"ABES\" \/>\n<meta property=\"article:publisher\" content=\"https:\/\/www.facebook.com\/ABES.software\" \/>\n<meta property=\"article:published_time\" content=\"2020-08-07T00:00:00+00:00\" \/>\n<meta property=\"og:image\" content=\"https:\/\/abes.org.br\/wp-content\/uploads\/2021\/01\/logo_abes_marca_tagline_horizontal_colorido_rgb.png\" \/>\n\t<meta property=\"og:image:width\" content=\"3509\" \/>\n\t<meta property=\"og:image:height\" content=\"2482\" \/>\n\t<meta property=\"og:image:type\" content=\"image\/png\" \/>\n<meta name=\"author\" content=\"prima-dev\" \/>\n<meta name=\"twitter:card\" content=\"summary_large_image\" \/>\n<meta name=\"twitter:creator\" content=\"@ABES_SOFTWARE\" \/>\n<meta name=\"twitter:site\" content=\"@ABES_SOFTWARE\" \/>\n<meta name=\"twitter:label1\" content=\"Written by\" \/>\n\t<meta name=\"twitter:data1\" content=\"prima-dev\" \/>\n\t<meta name=\"twitter:label2\" content=\"Est. reading time\" \/>\n\t<meta name=\"twitter:data2\" content=\"3 minutes\" \/>\n<script type=\"application\/ld+json\" class=\"yoast-schema-graph\">{\"@context\":\"https:\\\/\\\/schema.org\",\"@graph\":[{\"@type\":\"Article\",\"@id\":\"https:\\\/\\\/abes.org.br\\\/instituto-nexxera-abre-inscricoes-gratuitas-para-programa-de-desenvolvimento-de-empreendedores-e-negocios-de-impacto\\\/#article\",\"isPartOf\":{\"@id\":\"https:\\\/\\\/abes.org.br\\\/instituto-nexxera-abre-inscricoes-gratuitas-para-programa-de-desenvolvimento-de-empreendedores-e-negocios-de-impacto\\\/\"},\"author\":{\"name\":\"prima-dev\",\"@id\":\"https:\\\/\\\/abes.org.br\\\/#\\\/schema\\\/person\\\/1bad6bff859e7d56ec5664b01968e27e\"},\"headline\":\"Instituto Nexxera abre inscri\u00e7\u00f5es gratuitas para programa de desenvolvimento de empreendedores e neg\u00f3cios de impacto\",\"datePublished\":\"2020-08-07T00:00:00+00:00\",\"mainEntityOfPage\":{\"@id\":\"https:\\\/\\\/abes.org.br\\\/instituto-nexxera-abre-inscricoes-gratuitas-para-programa-de-desenvolvimento-de-empreendedores-e-negocios-de-impacto\\\/\"},\"wordCount\":621,\"publisher\":{\"@id\":\"https:\\\/\\\/abes.org.br\\\/#organization\"},\"articleSection\":[\"\u00daltimas not\u00edcias\"],\"inLanguage\":\"en-US\"},{\"@type\":\"WebPage\",\"@id\":\"https:\\\/\\\/abes.org.br\\\/instituto-nexxera-abre-inscricoes-gratuitas-para-programa-de-desenvolvimento-de-empreendedores-e-negocios-de-impacto\\\/\",\"url\":\"https:\\\/\\\/abes.org.br\\\/instituto-nexxera-abre-inscricoes-gratuitas-para-programa-de-desenvolvimento-de-empreendedores-e-negocios-de-impacto\\\/\",\"name\":\"Instituto Nexxera abre inscri\u00e7\u00f5es gratuitas para programa de desenvolvimento de empreendedores e neg\u00f3cios de impacto - ABES\",\"isPartOf\":{\"@id\":\"https:\\\/\\\/abes.org.br\\\/#website\"},\"datePublished\":\"2020-08-07T00:00:00+00:00\",\"breadcrumb\":{\"@id\":\"https:\\\/\\\/abes.org.br\\\/instituto-nexxera-abre-inscricoes-gratuitas-para-programa-de-desenvolvimento-de-empreendedores-e-negocios-de-impacto\\\/#breadcrumb\"},\"inLanguage\":\"en-US\",\"potentialAction\":[{\"@type\":\"ReadAction\",\"target\":[\"https:\\\/\\\/abes.org.br\\\/instituto-nexxera-abre-inscricoes-gratuitas-para-programa-de-desenvolvimento-de-empreendedores-e-negocios-de-impacto\\\/\"]}]},{\"@type\":\"BreadcrumbList\",\"@id\":\"https:\\\/\\\/abes.org.br\\\/instituto-nexxera-abre-inscricoes-gratuitas-para-programa-de-desenvolvimento-de-empreendedores-e-negocios-de-impacto\\\/#breadcrumb\",\"itemListElement\":[{\"@type\":\"ListItem\",\"position\":1,\"name\":\"In\u00edcio\",\"item\":\"https:\\\/\\\/abes.org.br\\\/\"},{\"@type\":\"ListItem\",\"position\":2,\"name\":\"Instituto Nexxera abre inscri\u00e7\u00f5es gratuitas para programa de desenvolvimento de empreendedores e neg\u00f3cios de impacto\"}]},{\"@type\":\"WebSite\",\"@id\":\"https:\\\/\\\/abes.org.br\\\/#website\",\"url\":\"https:\\\/\\\/abes.org.br\\\/\",\"name\":\"ABES\",\"description\":\"Associa\u00e7\u00e3o Brasileira das Empresas de Software\",\"publisher\":{\"@id\":\"https:\\\/\\\/abes.org.br\\\/#organization\"},\"potentialAction\":[{\"@type\":\"SearchAction\",\"target\":{\"@type\":\"EntryPoint\",\"urlTemplate\":\"https:\\\/\\\/abes.org.br\\\/?s={search_term_string}\"},\"query-input\":{\"@type\":\"PropertyValueSpecification\",\"valueRequired\":true,\"valueName\":\"search_term_string\"}}],\"inLanguage\":\"en-US\"},{\"@type\":\"Organization\",\"@id\":\"https:\\\/\\\/abes.org.br\\\/#organization\",\"name\":\"Associa\u00e7\u00e3o Brasileira das Empresas de Software\",\"url\":\"https:\\\/\\\/abes.org.br\\\/\",\"logo\":{\"@type\":\"ImageObject\",\"inLanguage\":\"en-US\",\"@id\":\"https:\\\/\\\/abes.org.br\\\/#\\\/schema\\\/logo\\\/image\\\/\",\"url\":\"https:\\\/\\\/abes.org.br\\\/wp-content\\\/uploads\\\/2020\\\/09\\\/logo_abes_marca_d_tagline_horizontal_verde-amarelo_cmyk.png\",\"contentUrl\":\"https:\\\/\\\/abes.org.br\\\/wp-content\\\/uploads\\\/2020\\\/09\\\/logo_abes_marca_d_tagline_horizontal_verde-amarelo_cmyk.png\",\"width\":324,\"height\":70,\"caption\":\"Associa\u00e7\u00e3o Brasileira das Empresas de Software\"},\"image\":{\"@id\":\"https:\\\/\\\/abes.org.br\\\/#\\\/schema\\\/logo\\\/image\\\/\"},\"sameAs\":[\"https:\\\/\\\/www.facebook.com\\\/ABES.software\",\"https:\\\/\\\/x.com\\\/ABES_SOFTWARE\",\"https:\\\/\\\/www.linkedin.com\\\/company\\\/abes-software\\\/\",\"https:\\\/\\\/www.instagram.com\\\/abes_software\\\/\"]},{\"@type\":\"Person\",\"@id\":\"https:\\\/\\\/abes.org.br\\\/#\\\/schema\\\/person\\\/1bad6bff859e7d56ec5664b01968e27e\",\"name\":\"prima-dev\",\"image\":{\"@type\":\"ImageObject\",\"inLanguage\":\"en-US\",\"@id\":\"https:\\\/\\\/secure.gravatar.com\\\/avatar\\\/039c6325210cecd393c57645bc755f7d13deed578fddf4dbfa87bc05dcbcfa4b?s=96&d=mm&r=g\",\"url\":\"https:\\\/\\\/secure.gravatar.com\\\/avatar\\\/039c6325210cecd393c57645bc755f7d13deed578fddf4dbfa87bc05dcbcfa4b?s=96&d=mm&r=g\",\"contentUrl\":\"https:\\\/\\\/secure.gravatar.com\\\/avatar\\\/039c6325210cecd393c57645bc755f7d13deed578fddf4dbfa87bc05dcbcfa4b?s=96&d=mm&r=g\",\"caption\":\"prima-dev\"},\"url\":\"https:\\\/\\\/abes.org.br\\\/en\\\/author\\\/prima-dev\\\/\"}]}<\/script>\n<!-- \/ Yoast SEO plugin. -->","yoast_head_json":{"title":"Instituto Nexxera abre inscri\u00e7\u00f5es gratuitas para programa de desenvolvimento de empreendedores e neg\u00f3cios de impacto - ABES","robots":{"index":"index","follow":"follow","max-snippet":"max-snippet:-1","max-image-preview":"max-image-preview:large","max-video-preview":"max-video-preview:-1"},"canonical":"https:\/\/abes.org.br\/en\/instituto-nexxera-abre-inscricoes-gratuitas-para-programa-de-desenvolvimento-de-empreendedores-e-negocios-de-impacto\/","og_locale":"en_US","og_type":"article","og_title":"Instituto Nexxera abre inscri\u00e7\u00f5es gratuitas para programa de desenvolvimento de empreendedores e neg\u00f3cios de impacto - ABES","og_description":"Conexx&atilde;o de Impacto selecionar&aacute; iniciativas para a edi&ccedil;&atilde;o do segundo semestre do ano. As inscri&ccedil;&otilde;es s&atilde;o gratuitas e podem ser realizadas at&eacute; 17 de Agosto O Instituto Nexxera est&aacute; com inscri&ccedil;&otilde;es abertas para o Conexx&atilde;o de Impacto, programa que foi criado para ajudar no desenvolvimento de empreendedores e neg&oacute;cios de impacto. A iniciativa visa contribuir [&hellip;]","og_url":"https:\/\/abes.org.br\/en\/instituto-nexxera-abre-inscricoes-gratuitas-para-programa-de-desenvolvimento-de-empreendedores-e-negocios-de-impacto\/","og_site_name":"ABES","article_publisher":"https:\/\/www.facebook.com\/ABES.software","article_published_time":"2020-08-07T00:00:00+00:00","og_image":[{"width":3509,"height":2482,"url":"https:\/\/abes.org.br\/wp-content\/uploads\/2021\/01\/logo_abes_marca_tagline_horizontal_colorido_rgb.png","type":"image\/png"}],"author":"prima-dev","twitter_card":"summary_large_image","twitter_creator":"@ABES_SOFTWARE","twitter_site":"@ABES_SOFTWARE","twitter_misc":{"Written by":"prima-dev","Est. reading time":"3 minutes"},"schema":{"@context":"https:\/\/schema.org","@graph":[{"@type":"Article","@id":"https:\/\/abes.org.br\/instituto-nexxera-abre-inscricoes-gratuitas-para-programa-de-desenvolvimento-de-empreendedores-e-negocios-de-impacto\/#article","isPartOf":{"@id":"https:\/\/abes.org.br\/instituto-nexxera-abre-inscricoes-gratuitas-para-programa-de-desenvolvimento-de-empreendedores-e-negocios-de-impacto\/"},"author":{"name":"prima-dev","@id":"https:\/\/abes.org.br\/#\/schema\/person\/1bad6bff859e7d56ec5664b01968e27e"},"headline":"Instituto Nexxera abre inscri\u00e7\u00f5es gratuitas para programa de desenvolvimento de empreendedores e neg\u00f3cios de impacto","datePublished":"2020-08-07T00:00:00+00:00","mainEntityOfPage":{"@id":"https:\/\/abes.org.br\/instituto-nexxera-abre-inscricoes-gratuitas-para-programa-de-desenvolvimento-de-empreendedores-e-negocios-de-impacto\/"},"wordCount":621,"publisher":{"@id":"https:\/\/abes.org.br\/#organization"},"articleSection":["\u00daltimas not\u00edcias"],"inLanguage":"en-US"},{"@type":"WebPage","@id":"https:\/\/abes.org.br\/instituto-nexxera-abre-inscricoes-gratuitas-para-programa-de-desenvolvimento-de-empreendedores-e-negocios-de-impacto\/","url":"https:\/\/abes.org.br\/instituto-nexxera-abre-inscricoes-gratuitas-para-programa-de-desenvolvimento-de-empreendedores-e-negocios-de-impacto\/","name":"Instituto Nexxera abre inscri\u00e7\u00f5es gratuitas para programa de desenvolvimento de empreendedores e neg\u00f3cios de impacto - ABES","isPartOf":{"@id":"https:\/\/abes.org.br\/#website"},"datePublished":"2020-08-07T00:00:00+00:00","breadcrumb":{"@id":"https:\/\/abes.org.br\/instituto-nexxera-abre-inscricoes-gratuitas-para-programa-de-desenvolvimento-de-empreendedores-e-negocios-de-impacto\/#breadcrumb"},"inLanguage":"en-US","potentialAction":[{"@type":"ReadAction","target":["https:\/\/abes.org.br\/instituto-nexxera-abre-inscricoes-gratuitas-para-programa-de-desenvolvimento-de-empreendedores-e-negocios-de-impacto\/"]}]},{"@type":"BreadcrumbList","@id":"https:\/\/abes.org.br\/instituto-nexxera-abre-inscricoes-gratuitas-para-programa-de-desenvolvimento-de-empreendedores-e-negocios-de-impacto\/#breadcrumb","itemListElement":[{"@type":"ListItem","position":1,"name":"In\u00edcio","item":"https:\/\/abes.org.br\/"},{"@type":"ListItem","position":2,"name":"Instituto Nexxera abre inscri\u00e7\u00f5es gratuitas para programa de desenvolvimento de empreendedores e neg\u00f3cios de impacto"}]},{"@type":"WebSite","@id":"https:\/\/abes.org.br\/#website","url":"https:\/\/abes.org.br\/","name":"ABES","description":"Brazilian Association of Software Companies","publisher":{"@id":"https:\/\/abes.org.br\/#organization"},"potentialAction":[{"@type":"SearchAction","target":{"@type":"EntryPoint","urlTemplate":"https:\/\/abes.org.br\/?s={search_term_string}"},"query-input":{"@type":"PropertyValueSpecification","valueRequired":true,"valueName":"search_term_string"}}],"inLanguage":"en-US"},{"@type":"Organization","@id":"https:\/\/abes.org.br\/#organization","name":"Brazilian Association of Software Companies","url":"https:\/\/abes.org.br\/","logo":{"@type":"ImageObject","inLanguage":"en-US","@id":"https:\/\/abes.org.br\/#\/schema\/logo\/image\/","url":"https:\/\/abes.org.br\/wp-content\/uploads\/2020\/09\/logo_abes_marca_d_tagline_horizontal_verde-amarelo_cmyk.png","contentUrl":"https:\/\/abes.org.br\/wp-content\/uploads\/2020\/09\/logo_abes_marca_d_tagline_horizontal_verde-amarelo_cmyk.png","width":324,"height":70,"caption":"Associa\u00e7\u00e3o Brasileira das Empresas de Software"},"image":{"@id":"https:\/\/abes.org.br\/#\/schema\/logo\/image\/"},"sameAs":["https:\/\/www.facebook.com\/ABES.software","https:\/\/x.com\/ABES_SOFTWARE","https:\/\/www.linkedin.com\/company\/abes-software\/","https:\/\/www.instagram.com\/abes_software\/"]},{"@type":"Person","@id":"https:\/\/abes.org.br\/#\/schema\/person\/1bad6bff859e7d56ec5664b01968e27e","name":"prima-dev","image":{"@type":"ImageObject","inLanguage":"en-US","@id":"https:\/\/secure.gravatar.com\/avatar\/039c6325210cecd393c57645bc755f7d13deed578fddf4dbfa87bc05dcbcfa4b?s=96&d=mm&r=g","url":"https:\/\/secure.gravatar.com\/avatar\/039c6325210cecd393c57645bc755f7d13deed578fddf4dbfa87bc05dcbcfa4b?s=96&d=mm&r=g","contentUrl":"https:\/\/secure.gravatar.com\/avatar\/039c6325210cecd393c57645bc755f7d13deed578fddf4dbfa87bc05dcbcfa4b?s=96&d=mm&r=g","caption":"prima-dev"},"url":"https:\/\/abes.org.br\/en\/author\/prima-dev\/"}]}},"publishpress_future_action":{"enabled":false,"date":"2026-05-03 06:39:38","action":"change-status","newStatus":"draft","terms":[],"taxonomy":"category","extraData":[]},"publishpress_future_workflow_manual_trigger":{"enabledWorkflows":[]},"_links":{"self":[{"href":"https:\/\/abes.org.br\/en\/wp-json\/wp\/v2\/posts\/10438","targetHints":{"allow":["GET"]}}],"collection":[{"href":"https:\/\/abes.org.br\/en\/wp-json\/wp\/v2\/posts"}],"about":[{"href":"https:\/\/abes.org.br\/en\/wp-json\/wp\/v2\/types\/post"}],"author":[{"embeddable":true,"href":"https:\/\/abes.org.br\/en\/wp-json\/wp\/v2\/users\/2"}],"replies":[{"embeddable":true,"href":"https:\/\/abes.org.br\/en\/wp-json\/wp\/v2\/comments?post=10438"}],"version-history":[{"count":0,"href":"https:\/\/abes.org.br\/en\/wp-json\/wp\/v2\/posts\/10438\/revisions"}],"wp:attachment":[{"href":"https:\/\/abes.org.br\/en\/wp-json\/wp\/v2\/media?parent=10438"}],"wp:term":[{"taxonomy":"category","embeddable":true,"href":"https:\/\/abes.org.br\/en\/wp-json\/wp\/v2\/categories?post=10438"},{"taxonomy":"post_tag","embeddable":true,"href":"https:\/\/abes.org.br\/en\/wp-json\/wp\/v2\/tags?post=10438"}],"curies":[{"name":"wp","href":"https:\/\/api.w.org\/{rel}","templated":true}]}}