{"id":10334,"date":"2020-07-09T00:00:00","date_gmt":"2020-07-09T00:00:00","guid":{"rendered":"https:\/\/abes.org.br\/?p=10334"},"modified":"2023-03-28T22:11:20","modified_gmt":"2023-03-29T01:11:20","slug":"pandemia-nao-pode-desviar-foco-da-jornada-de-adequacao-para-lei-geral-de-protecao-de-dados","status":"publish","type":"post","link":"https:\/\/abes.org.br\/en\/pandemia-nao-pode-desviar-foco-da-jornada-de-adequacao-para-lei-geral-de-protecao-de-dados\/","title":{"rendered":"Pandemic cannot divert focus from the adequacy journey to the General Data Protection Law"},"content":{"rendered":"<div style=\"text-align: justify\">\n<p><img decoding=\"async\" style=\"width: 380px;height: 187px\" src=\"\/wp-content\/uploads\/anterior\/Imagens\/Thomaz%20Corte%20Real%20-%20a.jpg\" alt=\"\" \/><\/p>\n<p>* By Thomaz C\u00f4rte Real<\/p>\n<p>The COVID-19 pandemic, in addition to the already widespread health problems, also brought significant impacts on global economic activity. This is because one of the main measures encouraged by the Health Bodies to try to contain the contagion by the virus is voluntary and, in certain cases, forced isolation. On the other hand, in the face of this isolation, many companies had to accelerate the processes of digital transformation and were challenged to transfer a large part of their structure to their collaborators&#039; homes and adapt to the teleworking modality. This disruption also brought an enormous concern: how to guarantee the security of confidential information, as well as personal data that will be treated in this new remote work scenario?<\/p>\n<p>Despite the fact that companies are reallocating resources and implementing cost containment policies to overcome this health crisis, the imminent entry into force of the General Data Protection Law - LGPD (Law 13.708 \/ 2018) becomes imperative that companies start a journey governance implementation and good data protection practices. The law provides for the processing of personal information in order to protect the fundamental rights of freedom and privacy and the free development of the personality of the natural person. To this end, it proposes the adoption of security, technical and administrative measures capable of protecting personal data from unauthorized access and from accidental or unlawful situations of destruction, loss, alteration, communication or any form of inappropriate or illicit treatment.<\/p>\n<p>There is no standard adequacy plan applicable to all companies, nor does the LGPD provide a ready recipe for how companies should proceed in order to adapt to issues involving the processing of personal data. But, broadly, the law suggests that data processing agents (Controller and Operator) formulate rules of good practice and governance that establish the conditions of organization, the operating regime, the procedures, including complaints and petitions from owners , security standards, technical standards, specific obligations for the various parties involved in the treatment, educational actions, internal mechanisms for supervising and mitigating risks and other aspects related to the processing of personal data.<\/p>\n<p>Companies are expected to undergo a major transformation, implementing the culture of privacy and protection of personal data, until then left in the background. They will need to adopt a new stance in the treatment of the voluminous amount of personal data that has always traveled through their different areas, and now also in the homes of their collaborators, often without due control and security. They should also think about privacy and data protection from the design of their products and services to their execution.<\/p>\n<p>The Brazilian Association of Software Companies - ABES proposes to the associates and companies in the sector studies of the legislation through work groups promoted by the entity and training courses by the ABES Academy. Most affiliated companies have already started implementing governance programs and good practices in privacy and data protection. However, the current scenario of the journey of preparing the Brazilian market for the LGPD is that 60% of the companies still do not meet the requirements of the new law. This data is extracted from the <a href=\"https:\/\/abes.org.br\/en\/LGPD\/\" target=\"_blank\" rel=\"noopener noreferrer\">ABES Index of LGPD<\/a> which, in partnership with EY, verifies the adequacy level of companies from different sectors that fill out an online <a href=\"https:\/\/diagnosticolgpd.abes.org.br\/\">diagnosis <\/a>free. The aim is to enable a self-assessment of compliance with the law, and through the result of the self-assessment and suggestions for adaptation, assist in the creation of a business world where personal data is properly protected and respect for the rights of cardholders are taken into account. account in our work practices.<\/p>\n<p>* Thomaz C\u00f4rte Real is a lawyer, specialist in corporate, tax and data protection law. Member of ABES Legal Department and Partner at MASantos, C\u00f4rte Real e Associados<\/p>\n<\/div>","protected":false},"excerpt":{"rendered":"<p>*Por Thomaz C\u00f4rte Real A pandemia de COVID-19, al\u00e9m dos j\u00e1 propagados problemas de sa\u00fade, trouxe tamb\u00e9m impactos significativos na atividade econ\u00f4mica mundial. Isso porque uma das principais medidas estimuladas pelos \u00d3rg\u00e3os de Sa\u00fade para tentar conter o cont\u00e1gio pelo v\u00edrus \u00e9 o isolamento volunt\u00e1rio e, em certos casos, for\u00e7ado. Por outro lado, em face [&hellip;]<\/p>\n","protected":false},"author":2,"featured_media":0,"comment_status":"closed","ping_status":"open","sticky":false,"template":"","format":"standard","meta":{"_acf_changed":false,"_et_pb_use_builder":"","_et_pb_old_content":"","_et_gb_content_width":"","footnotes":""},"categories":[8,3768,19],"tags":[],"class_list":["post-10334","post","type-post","status-publish","format-standard","hentry","category-artigos","category-artigos-abes","category-ultimas-noticias"],"acf":[],"yoast_head":"<!-- This site is optimized with the Yoast SEO plugin v27.3 - https:\/\/yoast.com\/product\/yoast-seo-wordpress\/ -->\n<title>Pandemia n\u00e3o pode desviar foco da jornada de adequa\u00e7\u00e3o para Lei Geral de Prote\u00e7\u00e3o de Dados - ABES<\/title>\n<meta name=\"robots\" content=\"index, follow, max-snippet:-1, max-image-preview:large, max-video-preview:-1\" \/>\n<link rel=\"canonical\" href=\"https:\/\/abes.org.br\/en\/pandemia-nao-pode-desviar-foco-da-jornada-de-adequacao-para-lei-geral-de-protecao-de-dados\/\" \/>\n<meta property=\"og:locale\" content=\"en_US\" \/>\n<meta property=\"og:type\" content=\"article\" \/>\n<meta property=\"og:title\" content=\"Pandemia n\u00e3o pode desviar foco da jornada de adequa\u00e7\u00e3o para Lei Geral de Prote\u00e7\u00e3o de Dados - ABES\" \/>\n<meta property=\"og:description\" content=\"*Por Thomaz C\u00f4rte Real A pandemia de COVID-19, al\u00e9m dos j\u00e1 propagados problemas de sa\u00fade, trouxe tamb\u00e9m impactos significativos na atividade econ\u00f4mica mundial. Isso porque uma das principais medidas estimuladas pelos \u00d3rg\u00e3os de Sa\u00fade para tentar conter o cont\u00e1gio pelo v\u00edrus \u00e9 o isolamento volunt\u00e1rio e, em certos casos, for\u00e7ado. Por outro lado, em face [&hellip;]\" \/>\n<meta property=\"og:url\" content=\"https:\/\/abes.org.br\/en\/pandemia-nao-pode-desviar-foco-da-jornada-de-adequacao-para-lei-geral-de-protecao-de-dados\/\" \/>\n<meta property=\"og:site_name\" content=\"ABES\" \/>\n<meta property=\"article:publisher\" content=\"https:\/\/www.facebook.com\/ABES.software\" \/>\n<meta property=\"article:published_time\" content=\"2020-07-09T00:00:00+00:00\" \/>\n<meta property=\"article:modified_time\" content=\"2023-03-29T01:11:20+00:00\" \/>\n<meta property=\"og:image\" content=\"https:\/\/abes.org.br\/wp-content\/uploads\/2021\/01\/logo_abes_marca_tagline_horizontal_colorido_rgb.png\" \/>\n\t<meta property=\"og:image:width\" content=\"3509\" \/>\n\t<meta property=\"og:image:height\" content=\"2482\" \/>\n\t<meta property=\"og:image:type\" content=\"image\/png\" \/>\n<meta name=\"author\" content=\"prima-dev\" \/>\n<meta name=\"twitter:card\" content=\"summary_large_image\" \/>\n<meta name=\"twitter:creator\" content=\"@ABES_SOFTWARE\" \/>\n<meta name=\"twitter:site\" content=\"@ABES_SOFTWARE\" \/>\n<meta name=\"twitter:label1\" content=\"Written by\" \/>\n\t<meta name=\"twitter:data1\" content=\"prima-dev\" \/>\n\t<meta name=\"twitter:label2\" content=\"Est. reading time\" \/>\n\t<meta name=\"twitter:data2\" content=\"4 minutes\" \/>\n<script type=\"application\/ld+json\" class=\"yoast-schema-graph\">{\"@context\":\"https:\\\/\\\/schema.org\",\"@graph\":[{\"@type\":\"Article\",\"@id\":\"https:\\\/\\\/abes.org.br\\\/pandemia-nao-pode-desviar-foco-da-jornada-de-adequacao-para-lei-geral-de-protecao-de-dados\\\/#article\",\"isPartOf\":{\"@id\":\"https:\\\/\\\/abes.org.br\\\/pandemia-nao-pode-desviar-foco-da-jornada-de-adequacao-para-lei-geral-de-protecao-de-dados\\\/\"},\"author\":{\"name\":\"prima-dev\",\"@id\":\"https:\\\/\\\/abes.org.br\\\/#\\\/schema\\\/person\\\/1bad6bff859e7d56ec5664b01968e27e\"},\"headline\":\"Pandemia n\u00e3o pode desviar foco da jornada de adequa\u00e7\u00e3o para Lei Geral de Prote\u00e7\u00e3o de Dados\",\"datePublished\":\"2020-07-09T00:00:00+00:00\",\"dateModified\":\"2023-03-29T01:11:20+00:00\",\"mainEntityOfPage\":{\"@id\":\"https:\\\/\\\/abes.org.br\\\/pandemia-nao-pode-desviar-foco-da-jornada-de-adequacao-para-lei-geral-de-protecao-de-dados\\\/\"},\"wordCount\":756,\"publisher\":{\"@id\":\"https:\\\/\\\/abes.org.br\\\/#organization\"},\"articleSection\":[\"Artigos\",\"Artigos ABES\",\"\u00daltimas not\u00edcias\"],\"inLanguage\":\"en-US\"},{\"@type\":\"WebPage\",\"@id\":\"https:\\\/\\\/abes.org.br\\\/pandemia-nao-pode-desviar-foco-da-jornada-de-adequacao-para-lei-geral-de-protecao-de-dados\\\/\",\"url\":\"https:\\\/\\\/abes.org.br\\\/pandemia-nao-pode-desviar-foco-da-jornada-de-adequacao-para-lei-geral-de-protecao-de-dados\\\/\",\"name\":\"Pandemia n\u00e3o pode desviar foco da jornada de adequa\u00e7\u00e3o para Lei Geral de Prote\u00e7\u00e3o de Dados - ABES\",\"isPartOf\":{\"@id\":\"https:\\\/\\\/abes.org.br\\\/#website\"},\"datePublished\":\"2020-07-09T00:00:00+00:00\",\"dateModified\":\"2023-03-29T01:11:20+00:00\",\"breadcrumb\":{\"@id\":\"https:\\\/\\\/abes.org.br\\\/pandemia-nao-pode-desviar-foco-da-jornada-de-adequacao-para-lei-geral-de-protecao-de-dados\\\/#breadcrumb\"},\"inLanguage\":\"en-US\",\"potentialAction\":[{\"@type\":\"ReadAction\",\"target\":[\"https:\\\/\\\/abes.org.br\\\/pandemia-nao-pode-desviar-foco-da-jornada-de-adequacao-para-lei-geral-de-protecao-de-dados\\\/\"]}]},{\"@type\":\"BreadcrumbList\",\"@id\":\"https:\\\/\\\/abes.org.br\\\/pandemia-nao-pode-desviar-foco-da-jornada-de-adequacao-para-lei-geral-de-protecao-de-dados\\\/#breadcrumb\",\"itemListElement\":[{\"@type\":\"ListItem\",\"position\":1,\"name\":\"In\u00edcio\",\"item\":\"https:\\\/\\\/abes.org.br\\\/\"},{\"@type\":\"ListItem\",\"position\":2,\"name\":\"Pandemia n\u00e3o pode desviar foco da jornada de adequa\u00e7\u00e3o para Lei Geral de Prote\u00e7\u00e3o de Dados\"}]},{\"@type\":\"WebSite\",\"@id\":\"https:\\\/\\\/abes.org.br\\\/#website\",\"url\":\"https:\\\/\\\/abes.org.br\\\/\",\"name\":\"ABES\",\"description\":\"Associa\u00e7\u00e3o Brasileira das Empresas de Software\",\"publisher\":{\"@id\":\"https:\\\/\\\/abes.org.br\\\/#organization\"},\"potentialAction\":[{\"@type\":\"SearchAction\",\"target\":{\"@type\":\"EntryPoint\",\"urlTemplate\":\"https:\\\/\\\/abes.org.br\\\/?s={search_term_string}\"},\"query-input\":{\"@type\":\"PropertyValueSpecification\",\"valueRequired\":true,\"valueName\":\"search_term_string\"}}],\"inLanguage\":\"en-US\"},{\"@type\":\"Organization\",\"@id\":\"https:\\\/\\\/abes.org.br\\\/#organization\",\"name\":\"Associa\u00e7\u00e3o Brasileira das Empresas de Software\",\"url\":\"https:\\\/\\\/abes.org.br\\\/\",\"logo\":{\"@type\":\"ImageObject\",\"inLanguage\":\"en-US\",\"@id\":\"https:\\\/\\\/abes.org.br\\\/#\\\/schema\\\/logo\\\/image\\\/\",\"url\":\"https:\\\/\\\/abes.org.br\\\/wp-content\\\/uploads\\\/2020\\\/09\\\/logo_abes_marca_d_tagline_horizontal_verde-amarelo_cmyk.png\",\"contentUrl\":\"https:\\\/\\\/abes.org.br\\\/wp-content\\\/uploads\\\/2020\\\/09\\\/logo_abes_marca_d_tagline_horizontal_verde-amarelo_cmyk.png\",\"width\":324,\"height\":70,\"caption\":\"Associa\u00e7\u00e3o Brasileira das Empresas de Software\"},\"image\":{\"@id\":\"https:\\\/\\\/abes.org.br\\\/#\\\/schema\\\/logo\\\/image\\\/\"},\"sameAs\":[\"https:\\\/\\\/www.facebook.com\\\/ABES.software\",\"https:\\\/\\\/x.com\\\/ABES_SOFTWARE\",\"https:\\\/\\\/www.linkedin.com\\\/company\\\/abes-software\\\/\",\"https:\\\/\\\/www.instagram.com\\\/abes_software\\\/\"]},{\"@type\":\"Person\",\"@id\":\"https:\\\/\\\/abes.org.br\\\/#\\\/schema\\\/person\\\/1bad6bff859e7d56ec5664b01968e27e\",\"name\":\"prima-dev\",\"image\":{\"@type\":\"ImageObject\",\"inLanguage\":\"en-US\",\"@id\":\"https:\\\/\\\/secure.gravatar.com\\\/avatar\\\/039c6325210cecd393c57645bc755f7d13deed578fddf4dbfa87bc05dcbcfa4b?s=96&d=mm&r=g\",\"url\":\"https:\\\/\\\/secure.gravatar.com\\\/avatar\\\/039c6325210cecd393c57645bc755f7d13deed578fddf4dbfa87bc05dcbcfa4b?s=96&d=mm&r=g\",\"contentUrl\":\"https:\\\/\\\/secure.gravatar.com\\\/avatar\\\/039c6325210cecd393c57645bc755f7d13deed578fddf4dbfa87bc05dcbcfa4b?s=96&d=mm&r=g\",\"caption\":\"prima-dev\"},\"url\":\"https:\\\/\\\/abes.org.br\\\/en\\\/author\\\/prima-dev\\\/\"}]}<\/script>\n<!-- \/ Yoast SEO plugin. -->","yoast_head_json":{"title":"Pandemia n\u00e3o pode desviar foco da jornada de adequa\u00e7\u00e3o para Lei Geral de Prote\u00e7\u00e3o de Dados - ABES","robots":{"index":"index","follow":"follow","max-snippet":"max-snippet:-1","max-image-preview":"max-image-preview:large","max-video-preview":"max-video-preview:-1"},"canonical":"https:\/\/abes.org.br\/en\/pandemia-nao-pode-desviar-foco-da-jornada-de-adequacao-para-lei-geral-de-protecao-de-dados\/","og_locale":"en_US","og_type":"article","og_title":"Pandemia n\u00e3o pode desviar foco da jornada de adequa\u00e7\u00e3o para Lei Geral de Prote\u00e7\u00e3o de Dados - ABES","og_description":"*Por Thomaz C\u00f4rte Real A pandemia de COVID-19, al\u00e9m dos j\u00e1 propagados problemas de sa\u00fade, trouxe tamb\u00e9m impactos significativos na atividade econ\u00f4mica mundial. Isso porque uma das principais medidas estimuladas pelos \u00d3rg\u00e3os de Sa\u00fade para tentar conter o cont\u00e1gio pelo v\u00edrus \u00e9 o isolamento volunt\u00e1rio e, em certos casos, for\u00e7ado. Por outro lado, em face [&hellip;]","og_url":"https:\/\/abes.org.br\/en\/pandemia-nao-pode-desviar-foco-da-jornada-de-adequacao-para-lei-geral-de-protecao-de-dados\/","og_site_name":"ABES","article_publisher":"https:\/\/www.facebook.com\/ABES.software","article_published_time":"2020-07-09T00:00:00+00:00","article_modified_time":"2023-03-29T01:11:20+00:00","og_image":[{"width":3509,"height":2482,"url":"https:\/\/abes.org.br\/wp-content\/uploads\/2021\/01\/logo_abes_marca_tagline_horizontal_colorido_rgb.png","type":"image\/png"}],"author":"prima-dev","twitter_card":"summary_large_image","twitter_creator":"@ABES_SOFTWARE","twitter_site":"@ABES_SOFTWARE","twitter_misc":{"Written by":"prima-dev","Est. reading time":"4 minutes"},"schema":{"@context":"https:\/\/schema.org","@graph":[{"@type":"Article","@id":"https:\/\/abes.org.br\/pandemia-nao-pode-desviar-foco-da-jornada-de-adequacao-para-lei-geral-de-protecao-de-dados\/#article","isPartOf":{"@id":"https:\/\/abes.org.br\/pandemia-nao-pode-desviar-foco-da-jornada-de-adequacao-para-lei-geral-de-protecao-de-dados\/"},"author":{"name":"prima-dev","@id":"https:\/\/abes.org.br\/#\/schema\/person\/1bad6bff859e7d56ec5664b01968e27e"},"headline":"Pandemia n\u00e3o pode desviar foco da jornada de adequa\u00e7\u00e3o para Lei Geral de Prote\u00e7\u00e3o de Dados","datePublished":"2020-07-09T00:00:00+00:00","dateModified":"2023-03-29T01:11:20+00:00","mainEntityOfPage":{"@id":"https:\/\/abes.org.br\/pandemia-nao-pode-desviar-foco-da-jornada-de-adequacao-para-lei-geral-de-protecao-de-dados\/"},"wordCount":756,"publisher":{"@id":"https:\/\/abes.org.br\/#organization"},"articleSection":["Artigos","Artigos ABES","\u00daltimas not\u00edcias"],"inLanguage":"en-US"},{"@type":"WebPage","@id":"https:\/\/abes.org.br\/pandemia-nao-pode-desviar-foco-da-jornada-de-adequacao-para-lei-geral-de-protecao-de-dados\/","url":"https:\/\/abes.org.br\/pandemia-nao-pode-desviar-foco-da-jornada-de-adequacao-para-lei-geral-de-protecao-de-dados\/","name":"Pandemia n\u00e3o pode desviar foco da jornada de adequa\u00e7\u00e3o para Lei Geral de Prote\u00e7\u00e3o de Dados - ABES","isPartOf":{"@id":"https:\/\/abes.org.br\/#website"},"datePublished":"2020-07-09T00:00:00+00:00","dateModified":"2023-03-29T01:11:20+00:00","breadcrumb":{"@id":"https:\/\/abes.org.br\/pandemia-nao-pode-desviar-foco-da-jornada-de-adequacao-para-lei-geral-de-protecao-de-dados\/#breadcrumb"},"inLanguage":"en-US","potentialAction":[{"@type":"ReadAction","target":["https:\/\/abes.org.br\/pandemia-nao-pode-desviar-foco-da-jornada-de-adequacao-para-lei-geral-de-protecao-de-dados\/"]}]},{"@type":"BreadcrumbList","@id":"https:\/\/abes.org.br\/pandemia-nao-pode-desviar-foco-da-jornada-de-adequacao-para-lei-geral-de-protecao-de-dados\/#breadcrumb","itemListElement":[{"@type":"ListItem","position":1,"name":"In\u00edcio","item":"https:\/\/abes.org.br\/"},{"@type":"ListItem","position":2,"name":"Pandemia n\u00e3o pode desviar foco da jornada de adequa\u00e7\u00e3o para Lei Geral de Prote\u00e7\u00e3o de Dados"}]},{"@type":"WebSite","@id":"https:\/\/abes.org.br\/#website","url":"https:\/\/abes.org.br\/","name":"ABES","description":"Brazilian Association of Software Companies","publisher":{"@id":"https:\/\/abes.org.br\/#organization"},"potentialAction":[{"@type":"SearchAction","target":{"@type":"EntryPoint","urlTemplate":"https:\/\/abes.org.br\/?s={search_term_string}"},"query-input":{"@type":"PropertyValueSpecification","valueRequired":true,"valueName":"search_term_string"}}],"inLanguage":"en-US"},{"@type":"Organization","@id":"https:\/\/abes.org.br\/#organization","name":"Brazilian Association of Software Companies","url":"https:\/\/abes.org.br\/","logo":{"@type":"ImageObject","inLanguage":"en-US","@id":"https:\/\/abes.org.br\/#\/schema\/logo\/image\/","url":"https:\/\/abes.org.br\/wp-content\/uploads\/2020\/09\/logo_abes_marca_d_tagline_horizontal_verde-amarelo_cmyk.png","contentUrl":"https:\/\/abes.org.br\/wp-content\/uploads\/2020\/09\/logo_abes_marca_d_tagline_horizontal_verde-amarelo_cmyk.png","width":324,"height":70,"caption":"Associa\u00e7\u00e3o Brasileira das Empresas de Software"},"image":{"@id":"https:\/\/abes.org.br\/#\/schema\/logo\/image\/"},"sameAs":["https:\/\/www.facebook.com\/ABES.software","https:\/\/x.com\/ABES_SOFTWARE","https:\/\/www.linkedin.com\/company\/abes-software\/","https:\/\/www.instagram.com\/abes_software\/"]},{"@type":"Person","@id":"https:\/\/abes.org.br\/#\/schema\/person\/1bad6bff859e7d56ec5664b01968e27e","name":"prima-dev","image":{"@type":"ImageObject","inLanguage":"en-US","@id":"https:\/\/secure.gravatar.com\/avatar\/039c6325210cecd393c57645bc755f7d13deed578fddf4dbfa87bc05dcbcfa4b?s=96&d=mm&r=g","url":"https:\/\/secure.gravatar.com\/avatar\/039c6325210cecd393c57645bc755f7d13deed578fddf4dbfa87bc05dcbcfa4b?s=96&d=mm&r=g","contentUrl":"https:\/\/secure.gravatar.com\/avatar\/039c6325210cecd393c57645bc755f7d13deed578fddf4dbfa87bc05dcbcfa4b?s=96&d=mm&r=g","caption":"prima-dev"},"url":"https:\/\/abes.org.br\/en\/author\/prima-dev\/"}]}},"publishpress_future_action":{"enabled":false,"date":"2026-05-02 06:58:19","action":"change-status","newStatus":"draft","terms":[],"taxonomy":"category","extraData":[]},"publishpress_future_workflow_manual_trigger":{"enabledWorkflows":[]},"_links":{"self":[{"href":"https:\/\/abes.org.br\/en\/wp-json\/wp\/v2\/posts\/10334","targetHints":{"allow":["GET"]}}],"collection":[{"href":"https:\/\/abes.org.br\/en\/wp-json\/wp\/v2\/posts"}],"about":[{"href":"https:\/\/abes.org.br\/en\/wp-json\/wp\/v2\/types\/post"}],"author":[{"embeddable":true,"href":"https:\/\/abes.org.br\/en\/wp-json\/wp\/v2\/users\/2"}],"replies":[{"embeddable":true,"href":"https:\/\/abes.org.br\/en\/wp-json\/wp\/v2\/comments?post=10334"}],"version-history":[{"count":2,"href":"https:\/\/abes.org.br\/en\/wp-json\/wp\/v2\/posts\/10334\/revisions"}],"predecessor-version":[{"id":59990,"href":"https:\/\/abes.org.br\/en\/wp-json\/wp\/v2\/posts\/10334\/revisions\/59990"}],"wp:attachment":[{"href":"https:\/\/abes.org.br\/en\/wp-json\/wp\/v2\/media?parent=10334"}],"wp:term":[{"taxonomy":"category","embeddable":true,"href":"https:\/\/abes.org.br\/en\/wp-json\/wp\/v2\/categories?post=10334"},{"taxonomy":"post_tag","embeddable":true,"href":"https:\/\/abes.org.br\/en\/wp-json\/wp\/v2\/tags?post=10334"}],"curies":[{"name":"wp","href":"https:\/\/api.w.org\/{rel}","templated":true}]}}