{"id":10317,"date":"2020-07-03T00:00:00","date_gmt":"2020-07-03T00:00:00","guid":{"rendered":"https:\/\/abes.org.br\/?p=10317"},"modified":"2020-07-03T00:00:00","modified_gmt":"2020-07-03T00:00:00","slug":"inscreva-se-no-webinar-abes-novos-tempos-transformacao-digital-e-o-impacto-na-estrategia-de-capital-humano","status":"publish","type":"post","link":"https:\/\/abes.org.br\/en\/inscreva-se-no-webinar-abes-novos-tempos-transformacao-digital-e-o-impacto-na-estrategia-de-capital-humano\/","title":{"rendered":"Register for the ABES Novos Tempos webinar: Digital transformation and the impact on human capital strategy"},"content":{"rendered":"<div style=\"text-align: justify;\">\n<p>\n\t<img decoding=\"async\" alt=\"\" src=\"\/wp-content\/uploads\/anterior\/Imagens\/linkedin_08_07.jpg\" style=\"width: 380px; height: 200px;\" \/><\/p>\n<p>\tWe are going through a period of transformation of habits, customs and business management, which will certainly significantly impact our behavior, priorities and forms of relationship. Companies and people are reassessing changes in work relations, careers, personal and professional improvement courses, the future of the home office, among other relevant topics.<\/p>\n<p>\tDebating this reality and trends is the aim of the webinar <a href=\"https:\/\/www.sympla.com.br\/webinar-abes-novos-tempos-transformacao-digital-e-o-impacto-na-estrategia-de-capital-humano__897248\">ABES Novos Tempos: \u201cDigital transformation and the impact on human capital strategy\u201d<\/a>, scheduled for July 8, at 2:30 pm, in which we will have the support of Weplace, a consultancy for human capital management, in the areas of Management &amp; Governance; People; and Culture &amp; Performance. Secure your subscription!<\/p>\n<p>\tMeet the excellent group of speakers who will be with us on this day, exchanging knowledge, experiences and practices:<\/p>\n<p>\t<strong>Val\u00e9ria Carinhato<\/strong><br \/>\n\tPartner and co-founder of Weplace, a consultancy that develops solutions for the subject of human capital, she is a specialist in the themes of Corporate Governance, Hiring and Assessment of executives for the themes of mergers, acquisitions, Succession and Development.<\/p>\n<p>\t<strong>Ana Hofmann<\/strong><br \/>\n\tHe leads the area of strategic partnerships for digital transformation at Microsoft Brazil. He is a Member of Knowledge Associates \u2013 Cambridge Institution.<\/p>\n<p>\t<strong>Claudia Elisa Soares<\/strong><br \/>\n\tAdministrative advisor at IBGC and Even. He is a member of the Strategy and Innovation Committee of Tupy SA<\/p>\n<p>\t<strong>Anderson Godz<\/strong><br \/>\n\tFounder of Gonew.Co, investor, board member and advisor for new economy, projects and corporate governance. Author of the book Governan\u00e7a &amp; Nova Economia.<\/p>\n<p>\t<strong>Glenda Moreira<\/strong><br \/>\n\tHead of Diversity LATAM \u2013 Novartis, divides his time between Regional Scouting activities and leadership of the Diversity and Inclusion Latin America and Canada front at Novartis.<\/p>\n<p>\t<strong>Moderator: Angelica Mari<\/strong><br \/>\n\tJournalist specializing in innovation and technology, columnist for Forbes in Brazil, senior contributor to Forbes in the United States and reporter for the BBC World Service Digital Planet program.<\/p>\n<p>\tThe purpose of the Brazilian Association of Software Companies (ABES) is to contribute to the construction of a more digital and less unequal Brazil, in which information technology plays a fundamental role in the democratization of knowledge and the creation of new opportunities for all. In this sense, it aims to ensure a business environment conducive to innovation, ethical, dynamic and globally competitive, always aligned with its mission to connect, guide, protect and develop the Brazilian information technology market. The Novos Tempos webinar series is one of the actions that ABES takes to materialize its purpose.<\/p>\n<p>\tSecure your subscription now!<\/p>\n<p>\n\t<strong>SERVICE:<\/strong><\/p>\n<p>\t<strong>Webinar:<\/strong> ABES Novos Tempos: \u201cDigital transformation and the impact on human capital strategy\u201d<\/p>\n<p>\t<strong>Date:<\/strong> 08\/07\/2020<\/p>\n<p>\t<strong>Hour: <\/strong>2:30 pm<\/p>\n<p>\t<strong>Enrollment:<\/strong> <a href=\"https:\/\/www.sympla.com.br\/webinar-abes-novos-tempos-transformacao-digital-e-o-impacto-na-estrategia-de-capital-humano__897248\">https:\/\/www.sympla.com.br\/webinar-abes-novos-tempos-transformacao-digital-e-o-impacto-na-estrategia-de-capital-humano__897248<\/a><\/div>","protected":false},"excerpt":{"rendered":"<p>Estamos passando por um per&iacute;odo de transforma&ccedil;&atilde;o de h&aacute;bitos, costumes e gest&atilde;o dos neg&oacute;cios, que certamente impactar&atilde;o significativamente em nosso comportamento, nossas prioridades e formas de relacionamento. As empresas e as pessoas est&atilde;o reavaliando as transforma&ccedil;&otilde;es nas rela&ccedil;&otilde;es de trabalho, na carreira, nos cursos de aperfei&ccedil;oamento pessoal e profissional, o futuro do home office, entre [&hellip;]<\/p>\n","protected":false},"author":2,"featured_media":0,"comment_status":"closed","ping_status":"open","sticky":false,"template":"","format":"standard","meta":{"_acf_changed":false,"_et_pb_use_builder":"","_et_pb_old_content":"","_et_gb_content_width":"","footnotes":""},"categories":[19],"tags":[],"class_list":["post-10317","post","type-post","status-publish","format-standard","hentry","category-ultimas-noticias"],"acf":[],"yoast_head":"<!-- This site is optimized with the Yoast SEO plugin v27.3 - https:\/\/yoast.com\/product\/yoast-seo-wordpress\/ -->\n<title>Inscreva-se no webinar ABES Novos Tempos: Transforma\u00e7\u00e3o digital e o impacto na estrat\u00e9gia de capital humano - ABES<\/title>\n<meta name=\"robots\" content=\"index, follow, max-snippet:-1, max-image-preview:large, max-video-preview:-1\" \/>\n<link rel=\"canonical\" href=\"https:\/\/abes.org.br\/en\/inscreva-se-no-webinar-abes-novos-tempos-transformacao-digital-e-o-impacto-na-estrategia-de-capital-humano\/\" \/>\n<meta property=\"og:locale\" content=\"en_US\" \/>\n<meta property=\"og:type\" content=\"article\" \/>\n<meta property=\"og:title\" content=\"Inscreva-se no webinar ABES Novos Tempos: Transforma\u00e7\u00e3o digital e o impacto na estrat\u00e9gia de capital humano - ABES\" \/>\n<meta property=\"og:description\" content=\"Estamos passando por um per&iacute;odo de transforma&ccedil;&atilde;o de h&aacute;bitos, costumes e gest&atilde;o dos neg&oacute;cios, que certamente impactar&atilde;o significativamente em nosso comportamento, nossas prioridades e formas de relacionamento. As empresas e as pessoas est&atilde;o reavaliando as transforma&ccedil;&otilde;es nas rela&ccedil;&otilde;es de trabalho, na carreira, nos cursos de aperfei&ccedil;oamento pessoal e profissional, o futuro do home office, entre [&hellip;]\" \/>\n<meta property=\"og:url\" content=\"https:\/\/abes.org.br\/en\/inscreva-se-no-webinar-abes-novos-tempos-transformacao-digital-e-o-impacto-na-estrategia-de-capital-humano\/\" \/>\n<meta property=\"og:site_name\" content=\"ABES\" \/>\n<meta property=\"article:publisher\" content=\"https:\/\/www.facebook.com\/ABES.software\" \/>\n<meta property=\"article:published_time\" content=\"2020-07-03T00:00:00+00:00\" \/>\n<meta property=\"og:image\" content=\"https:\/\/abes.org.br\/wp-content\/uploads\/2021\/01\/logo_abes_marca_tagline_horizontal_colorido_rgb.png\" \/>\n\t<meta property=\"og:image:width\" content=\"3509\" \/>\n\t<meta property=\"og:image:height\" content=\"2482\" \/>\n\t<meta property=\"og:image:type\" content=\"image\/png\" \/>\n<meta name=\"author\" content=\"prima-dev\" \/>\n<meta name=\"twitter:card\" content=\"summary_large_image\" \/>\n<meta name=\"twitter:creator\" content=\"@ABES_SOFTWARE\" \/>\n<meta name=\"twitter:site\" content=\"@ABES_SOFTWARE\" \/>\n<meta name=\"twitter:label1\" content=\"Written by\" \/>\n\t<meta name=\"twitter:data1\" content=\"prima-dev\" \/>\n\t<meta name=\"twitter:label2\" content=\"Est. reading time\" \/>\n\t<meta name=\"twitter:data2\" content=\"3 minutes\" \/>\n<script type=\"application\/ld+json\" class=\"yoast-schema-graph\">{\"@context\":\"https:\\\/\\\/schema.org\",\"@graph\":[{\"@type\":\"Article\",\"@id\":\"https:\\\/\\\/abes.org.br\\\/en\\\/inscreva-se-no-webinar-abes-novos-tempos-transformacao-digital-e-o-impacto-na-estrategia-de-capital-humano\\\/#article\",\"isPartOf\":{\"@id\":\"https:\\\/\\\/abes.org.br\\\/en\\\/inscreva-se-no-webinar-abes-novos-tempos-transformacao-digital-e-o-impacto-na-estrategia-de-capital-humano\\\/\"},\"author\":{\"name\":\"prima-dev\",\"@id\":\"https:\\\/\\\/abes.org.br\\\/#\\\/schema\\\/person\\\/1bad6bff859e7d56ec5664b01968e27e\"},\"headline\":\"Inscreva-se no webinar ABES Novos Tempos: Transforma\u00e7\u00e3o digital e o impacto na estrat\u00e9gia de capital humano\",\"datePublished\":\"2020-07-03T00:00:00+00:00\",\"mainEntityOfPage\":{\"@id\":\"https:\\\/\\\/abes.org.br\\\/en\\\/inscreva-se-no-webinar-abes-novos-tempos-transformacao-digital-e-o-impacto-na-estrategia-de-capital-humano\\\/\"},\"wordCount\":607,\"publisher\":{\"@id\":\"https:\\\/\\\/abes.org.br\\\/#organization\"},\"articleSection\":[\"\u00daltimas not\u00edcias\"],\"inLanguage\":\"en-US\"},{\"@type\":\"WebPage\",\"@id\":\"https:\\\/\\\/abes.org.br\\\/en\\\/inscreva-se-no-webinar-abes-novos-tempos-transformacao-digital-e-o-impacto-na-estrategia-de-capital-humano\\\/\",\"url\":\"https:\\\/\\\/abes.org.br\\\/en\\\/inscreva-se-no-webinar-abes-novos-tempos-transformacao-digital-e-o-impacto-na-estrategia-de-capital-humano\\\/\",\"name\":\"Inscreva-se no webinar ABES Novos Tempos: Transforma\u00e7\u00e3o digital e o impacto na estrat\u00e9gia de capital humano - ABES\",\"isPartOf\":{\"@id\":\"https:\\\/\\\/abes.org.br\\\/#website\"},\"datePublished\":\"2020-07-03T00:00:00+00:00\",\"breadcrumb\":{\"@id\":\"https:\\\/\\\/abes.org.br\\\/en\\\/inscreva-se-no-webinar-abes-novos-tempos-transformacao-digital-e-o-impacto-na-estrategia-de-capital-humano\\\/#breadcrumb\"},\"inLanguage\":\"en-US\",\"potentialAction\":[{\"@type\":\"ReadAction\",\"target\":[\"https:\\\/\\\/abes.org.br\\\/en\\\/inscreva-se-no-webinar-abes-novos-tempos-transformacao-digital-e-o-impacto-na-estrategia-de-capital-humano\\\/\"]}]},{\"@type\":\"BreadcrumbList\",\"@id\":\"https:\\\/\\\/abes.org.br\\\/en\\\/inscreva-se-no-webinar-abes-novos-tempos-transformacao-digital-e-o-impacto-na-estrategia-de-capital-humano\\\/#breadcrumb\",\"itemListElement\":[{\"@type\":\"ListItem\",\"position\":1,\"name\":\"In\u00edcio\",\"item\":\"https:\\\/\\\/abes.org.br\\\/\"},{\"@type\":\"ListItem\",\"position\":2,\"name\":\"Inscreva-se no webinar ABES Novos Tempos: Transforma\u00e7\u00e3o digital e o impacto na estrat\u00e9gia de capital humano\"}]},{\"@type\":\"WebSite\",\"@id\":\"https:\\\/\\\/abes.org.br\\\/#website\",\"url\":\"https:\\\/\\\/abes.org.br\\\/\",\"name\":\"ABES\",\"description\":\"Associa\u00e7\u00e3o Brasileira das Empresas de Software\",\"publisher\":{\"@id\":\"https:\\\/\\\/abes.org.br\\\/#organization\"},\"potentialAction\":[{\"@type\":\"SearchAction\",\"target\":{\"@type\":\"EntryPoint\",\"urlTemplate\":\"https:\\\/\\\/abes.org.br\\\/?s={search_term_string}\"},\"query-input\":{\"@type\":\"PropertyValueSpecification\",\"valueRequired\":true,\"valueName\":\"search_term_string\"}}],\"inLanguage\":\"en-US\"},{\"@type\":\"Organization\",\"@id\":\"https:\\\/\\\/abes.org.br\\\/#organization\",\"name\":\"Associa\u00e7\u00e3o Brasileira das Empresas de Software\",\"url\":\"https:\\\/\\\/abes.org.br\\\/\",\"logo\":{\"@type\":\"ImageObject\",\"inLanguage\":\"en-US\",\"@id\":\"https:\\\/\\\/abes.org.br\\\/#\\\/schema\\\/logo\\\/image\\\/\",\"url\":\"https:\\\/\\\/abes.org.br\\\/wp-content\\\/uploads\\\/2020\\\/09\\\/logo_abes_marca_d_tagline_horizontal_verde-amarelo_cmyk.png\",\"contentUrl\":\"https:\\\/\\\/abes.org.br\\\/wp-content\\\/uploads\\\/2020\\\/09\\\/logo_abes_marca_d_tagline_horizontal_verde-amarelo_cmyk.png\",\"width\":324,\"height\":70,\"caption\":\"Associa\u00e7\u00e3o Brasileira das Empresas de Software\"},\"image\":{\"@id\":\"https:\\\/\\\/abes.org.br\\\/#\\\/schema\\\/logo\\\/image\\\/\"},\"sameAs\":[\"https:\\\/\\\/www.facebook.com\\\/ABES.software\",\"https:\\\/\\\/x.com\\\/ABES_SOFTWARE\",\"https:\\\/\\\/www.linkedin.com\\\/company\\\/abes-software\\\/\",\"https:\\\/\\\/www.instagram.com\\\/abes_software\\\/\"]},{\"@type\":\"Person\",\"@id\":\"https:\\\/\\\/abes.org.br\\\/#\\\/schema\\\/person\\\/1bad6bff859e7d56ec5664b01968e27e\",\"name\":\"prima-dev\",\"image\":{\"@type\":\"ImageObject\",\"inLanguage\":\"en-US\",\"@id\":\"https:\\\/\\\/secure.gravatar.com\\\/avatar\\\/039c6325210cecd393c57645bc755f7d13deed578fddf4dbfa87bc05dcbcfa4b?s=96&d=mm&r=g\",\"url\":\"https:\\\/\\\/secure.gravatar.com\\\/avatar\\\/039c6325210cecd393c57645bc755f7d13deed578fddf4dbfa87bc05dcbcfa4b?s=96&d=mm&r=g\",\"contentUrl\":\"https:\\\/\\\/secure.gravatar.com\\\/avatar\\\/039c6325210cecd393c57645bc755f7d13deed578fddf4dbfa87bc05dcbcfa4b?s=96&d=mm&r=g\",\"caption\":\"prima-dev\"},\"url\":\"https:\\\/\\\/abes.org.br\\\/en\\\/author\\\/prima-dev\\\/\"}]}<\/script>\n<!-- \/ Yoast SEO plugin. -->","yoast_head_json":{"title":"Inscreva-se no webinar ABES Novos Tempos: Transforma\u00e7\u00e3o digital e o impacto na estrat\u00e9gia de capital humano - ABES","robots":{"index":"index","follow":"follow","max-snippet":"max-snippet:-1","max-image-preview":"max-image-preview:large","max-video-preview":"max-video-preview:-1"},"canonical":"https:\/\/abes.org.br\/en\/inscreva-se-no-webinar-abes-novos-tempos-transformacao-digital-e-o-impacto-na-estrategia-de-capital-humano\/","og_locale":"en_US","og_type":"article","og_title":"Inscreva-se no webinar ABES Novos Tempos: Transforma\u00e7\u00e3o digital e o impacto na estrat\u00e9gia de capital humano - ABES","og_description":"Estamos passando por um per&iacute;odo de transforma&ccedil;&atilde;o de h&aacute;bitos, costumes e gest&atilde;o dos neg&oacute;cios, que certamente impactar&atilde;o significativamente em nosso comportamento, nossas prioridades e formas de relacionamento. As empresas e as pessoas est&atilde;o reavaliando as transforma&ccedil;&otilde;es nas rela&ccedil;&otilde;es de trabalho, na carreira, nos cursos de aperfei&ccedil;oamento pessoal e profissional, o futuro do home office, entre [&hellip;]","og_url":"https:\/\/abes.org.br\/en\/inscreva-se-no-webinar-abes-novos-tempos-transformacao-digital-e-o-impacto-na-estrategia-de-capital-humano\/","og_site_name":"ABES","article_publisher":"https:\/\/www.facebook.com\/ABES.software","article_published_time":"2020-07-03T00:00:00+00:00","og_image":[{"width":3509,"height":2482,"url":"https:\/\/abes.org.br\/wp-content\/uploads\/2021\/01\/logo_abes_marca_tagline_horizontal_colorido_rgb.png","type":"image\/png"}],"author":"prima-dev","twitter_card":"summary_large_image","twitter_creator":"@ABES_SOFTWARE","twitter_site":"@ABES_SOFTWARE","twitter_misc":{"Written by":"prima-dev","Est. reading time":"3 minutes"},"schema":{"@context":"https:\/\/schema.org","@graph":[{"@type":"Article","@id":"https:\/\/abes.org.br\/en\/inscreva-se-no-webinar-abes-novos-tempos-transformacao-digital-e-o-impacto-na-estrategia-de-capital-humano\/#article","isPartOf":{"@id":"https:\/\/abes.org.br\/en\/inscreva-se-no-webinar-abes-novos-tempos-transformacao-digital-e-o-impacto-na-estrategia-de-capital-humano\/"},"author":{"name":"prima-dev","@id":"https:\/\/abes.org.br\/#\/schema\/person\/1bad6bff859e7d56ec5664b01968e27e"},"headline":"Inscreva-se no webinar ABES Novos Tempos: Transforma\u00e7\u00e3o digital e o impacto na estrat\u00e9gia de capital humano","datePublished":"2020-07-03T00:00:00+00:00","mainEntityOfPage":{"@id":"https:\/\/abes.org.br\/en\/inscreva-se-no-webinar-abes-novos-tempos-transformacao-digital-e-o-impacto-na-estrategia-de-capital-humano\/"},"wordCount":607,"publisher":{"@id":"https:\/\/abes.org.br\/#organization"},"articleSection":["\u00daltimas not\u00edcias"],"inLanguage":"en-US"},{"@type":"WebPage","@id":"https:\/\/abes.org.br\/en\/inscreva-se-no-webinar-abes-novos-tempos-transformacao-digital-e-o-impacto-na-estrategia-de-capital-humano\/","url":"https:\/\/abes.org.br\/en\/inscreva-se-no-webinar-abes-novos-tempos-transformacao-digital-e-o-impacto-na-estrategia-de-capital-humano\/","name":"Inscreva-se no webinar ABES Novos Tempos: Transforma\u00e7\u00e3o digital e o impacto na estrat\u00e9gia de capital humano - ABES","isPartOf":{"@id":"https:\/\/abes.org.br\/#website"},"datePublished":"2020-07-03T00:00:00+00:00","breadcrumb":{"@id":"https:\/\/abes.org.br\/en\/inscreva-se-no-webinar-abes-novos-tempos-transformacao-digital-e-o-impacto-na-estrategia-de-capital-humano\/#breadcrumb"},"inLanguage":"en-US","potentialAction":[{"@type":"ReadAction","target":["https:\/\/abes.org.br\/en\/inscreva-se-no-webinar-abes-novos-tempos-transformacao-digital-e-o-impacto-na-estrategia-de-capital-humano\/"]}]},{"@type":"BreadcrumbList","@id":"https:\/\/abes.org.br\/en\/inscreva-se-no-webinar-abes-novos-tempos-transformacao-digital-e-o-impacto-na-estrategia-de-capital-humano\/#breadcrumb","itemListElement":[{"@type":"ListItem","position":1,"name":"In\u00edcio","item":"https:\/\/abes.org.br\/"},{"@type":"ListItem","position":2,"name":"Inscreva-se no webinar ABES Novos Tempos: Transforma\u00e7\u00e3o digital e o impacto na estrat\u00e9gia de capital humano"}]},{"@type":"WebSite","@id":"https:\/\/abes.org.br\/#website","url":"https:\/\/abes.org.br\/","name":"ABES","description":"Brazilian Association of Software Companies","publisher":{"@id":"https:\/\/abes.org.br\/#organization"},"potentialAction":[{"@type":"SearchAction","target":{"@type":"EntryPoint","urlTemplate":"https:\/\/abes.org.br\/?s={search_term_string}"},"query-input":{"@type":"PropertyValueSpecification","valueRequired":true,"valueName":"search_term_string"}}],"inLanguage":"en-US"},{"@type":"Organization","@id":"https:\/\/abes.org.br\/#organization","name":"Brazilian Association of Software Companies","url":"https:\/\/abes.org.br\/","logo":{"@type":"ImageObject","inLanguage":"en-US","@id":"https:\/\/abes.org.br\/#\/schema\/logo\/image\/","url":"https:\/\/abes.org.br\/wp-content\/uploads\/2020\/09\/logo_abes_marca_d_tagline_horizontal_verde-amarelo_cmyk.png","contentUrl":"https:\/\/abes.org.br\/wp-content\/uploads\/2020\/09\/logo_abes_marca_d_tagline_horizontal_verde-amarelo_cmyk.png","width":324,"height":70,"caption":"Associa\u00e7\u00e3o Brasileira das Empresas de Software"},"image":{"@id":"https:\/\/abes.org.br\/#\/schema\/logo\/image\/"},"sameAs":["https:\/\/www.facebook.com\/ABES.software","https:\/\/x.com\/ABES_SOFTWARE","https:\/\/www.linkedin.com\/company\/abes-software\/","https:\/\/www.instagram.com\/abes_software\/"]},{"@type":"Person","@id":"https:\/\/abes.org.br\/#\/schema\/person\/1bad6bff859e7d56ec5664b01968e27e","name":"prima-dev","image":{"@type":"ImageObject","inLanguage":"en-US","@id":"https:\/\/secure.gravatar.com\/avatar\/039c6325210cecd393c57645bc755f7d13deed578fddf4dbfa87bc05dcbcfa4b?s=96&d=mm&r=g","url":"https:\/\/secure.gravatar.com\/avatar\/039c6325210cecd393c57645bc755f7d13deed578fddf4dbfa87bc05dcbcfa4b?s=96&d=mm&r=g","contentUrl":"https:\/\/secure.gravatar.com\/avatar\/039c6325210cecd393c57645bc755f7d13deed578fddf4dbfa87bc05dcbcfa4b?s=96&d=mm&r=g","caption":"prima-dev"},"url":"https:\/\/abes.org.br\/en\/author\/prima-dev\/"}]}},"publishpress_future_action":{"enabled":false,"date":"2026-05-02 03:32:19","action":"change-status","newStatus":"draft","terms":[],"taxonomy":"category","extraData":[]},"publishpress_future_workflow_manual_trigger":{"enabledWorkflows":[]},"_links":{"self":[{"href":"https:\/\/abes.org.br\/en\/wp-json\/wp\/v2\/posts\/10317","targetHints":{"allow":["GET"]}}],"collection":[{"href":"https:\/\/abes.org.br\/en\/wp-json\/wp\/v2\/posts"}],"about":[{"href":"https:\/\/abes.org.br\/en\/wp-json\/wp\/v2\/types\/post"}],"author":[{"embeddable":true,"href":"https:\/\/abes.org.br\/en\/wp-json\/wp\/v2\/users\/2"}],"replies":[{"embeddable":true,"href":"https:\/\/abes.org.br\/en\/wp-json\/wp\/v2\/comments?post=10317"}],"version-history":[{"count":0,"href":"https:\/\/abes.org.br\/en\/wp-json\/wp\/v2\/posts\/10317\/revisions"}],"wp:attachment":[{"href":"https:\/\/abes.org.br\/en\/wp-json\/wp\/v2\/media?parent=10317"}],"wp:term":[{"taxonomy":"category","embeddable":true,"href":"https:\/\/abes.org.br\/en\/wp-json\/wp\/v2\/categories?post=10317"},{"taxonomy":"post_tag","embeddable":true,"href":"https:\/\/abes.org.br\/en\/wp-json\/wp\/v2\/tags?post=10317"}],"curies":[{"name":"wp","href":"https:\/\/api.w.org\/{rel}","templated":true}]}}