{"id":10312,"date":"2020-07-02T00:00:00","date_gmt":"2020-07-02T00:00:00","guid":{"rendered":"https:\/\/abes.org.br\/?p=10312"},"modified":"2020-07-02T00:00:00","modified_gmt":"2020-07-02T00:00:00","slug":"gartner-preve-que-investimentos-em-seguranca-e-gestao-de-riscos-permanecerao-positivos-em-2020","status":"publish","type":"post","link":"https:\/\/abes.org.br\/en\/gartner-preve-que-investimentos-em-seguranca-e-gestao-de-riscos-permanecerao-positivos-em-2020\/","title":{"rendered":"Gartner predicts that investments in security and risk management will remain positive in 2020"},"content":{"rendered":"<div style=\"text-align: justify;\">\n<p>\n\tGartner predicts that investments in security and risk management will remain positive in 2020<\/p>\n<p>\tShort-term demands in relation to cloud security offerings and due to the expansion of remote work will increase in the market<\/p>\n<p>\tAccording to the latest study by Gartner, Inc., a world leader in business research and advice, global investments in information security and risk management technology and services will continue to grow in 2020, but at a lower rate than previously predicted.<\/p>\n<p>\tInvestments in information security are expected to grow by 2.4%, reaching US$ 123.8 billion in 2020. This is below the 8.7% growth that Gartner projected in the December 2019 assessment. The coronavirus pandemic is driving short-term demand in areas such as adoption of Cloud services, <a href=\"https:\/\/www.gartner.com\/smarterwithgartner\/ask-these-questions-before-deploying-remote-access-technology\/\">remote working technologies<\/a> and cost reduction measures.<\/p>\n<p>\t&quot;Like other IT segments, we expect security to be negatively impacted by <a href=\"https:\/\/www.gartner.com\/smarterwithgartner\/category\/covid-19\/\">crisis of COVID-19<\/a>&quot;says Lawrence Pingree, Vice President of Research at Gartner.&quot; Overall, we expect a break and a slowdown in growth in security software and services during 2020 &quot;.<\/p>\n<p>\t\u201cHowever, there are some factors in favor of some segments of the security market, such as cloud-based offers and subscriptions, which are being supported by the demand or delivery model relevant to the moment. Some investments with security will not be discretionary and the <a href=\"https:\/\/www.gartner.com\/smarterwithgartner\/gartner-top-7-security-and-risk-trends-for-2019\/\">positive trends<\/a> they cannot be ignored, \u201dhe says.<\/p>\n<p>\tSecurity investments worldwide by segment, 2019-2020 (in millions of dollars)<\/p>\n<p>\t<img decoding=\"async\" alt=\"\" src=\"\/wp-content\/uploads\/anterior\/Imagens\/Gartner%20-%20Gr%C3%A1fico.PNG\" style=\"width: 400px; height: 429px;\" \/><\/p>\n<p>\tDue to rounding, some numbers may not exactly match the totals shown.<\/p>\n<p>\tSource: Gartner (June 2020)<\/p>\n<p>\t&nbsp;The ongoing move to a Cloud-based delivery model makes the security market a little more resilient to a crisis, with an average share of 12% of overall security implementations in the Cloud model in 2019, according to a Gartner survey. Cloud delivery models have reached well over 50% of implementations in markets such as secure email and web gateways.<\/p>\n<p>\tNetwork security equipment, including <a href=\"https:\/\/www.gartner.com\/en\/information-technology\/glossary\/firewall\">firewall equipment<\/a> and intrusion detection and prevention systems (IDPS), will be most severely affected by spending cuts this year. Consumer spending on security software is also expected to decline in 2020.<\/div>","protected":false},"excerpt":{"rendered":"<p>Gartner prev&ecirc; que investimentos em seguran&ccedil;a e gest&atilde;o de riscos permanecer&atilde;o positivos em 2020 Demandas de curto prazo em rela&ccedil;&atilde;o &agrave;s ofertas de seguran&ccedil;a em Nuvem e em fun&ccedil;&atilde;o da expans&atilde;o do trabalho remoto aumentar&atilde;o no mercado De acordo com o mais recente estudo do Gartner, Inc., l&iacute;der mundial em pesquisa e aconselhamento para empresas, [&hellip;]<\/p>\n","protected":false},"author":2,"featured_media":0,"comment_status":"closed","ping_status":"open","sticky":false,"template":"","format":"standard","meta":{"_acf_changed":false,"_et_pb_use_builder":"","_et_pb_old_content":"","_et_gb_content_width":"","footnotes":""},"categories":[19],"tags":[],"class_list":["post-10312","post","type-post","status-publish","format-standard","hentry","category-ultimas-noticias"],"acf":[],"yoast_head":"<!-- This site is optimized with the Yoast SEO plugin v27.3 - https:\/\/yoast.com\/product\/yoast-seo-wordpress\/ -->\n<title>Gartner prev\u00ea que investimentos em seguran\u00e7a e gest\u00e3o de riscos permanecer\u00e3o positivos em 2020 - ABES<\/title>\n<meta name=\"robots\" content=\"index, follow, max-snippet:-1, max-image-preview:large, max-video-preview:-1\" \/>\n<link rel=\"canonical\" href=\"https:\/\/abes.org.br\/en\/gartner-preve-que-investimentos-em-seguranca-e-gestao-de-riscos-permanecerao-positivos-em-2020\/\" \/>\n<meta property=\"og:locale\" content=\"en_US\" \/>\n<meta property=\"og:type\" content=\"article\" \/>\n<meta property=\"og:title\" content=\"Gartner prev\u00ea que investimentos em seguran\u00e7a e gest\u00e3o de riscos permanecer\u00e3o positivos em 2020 - ABES\" \/>\n<meta property=\"og:description\" content=\"Gartner prev&ecirc; que investimentos em seguran&ccedil;a e gest&atilde;o de riscos permanecer&atilde;o positivos em 2020 Demandas de curto prazo em rela&ccedil;&atilde;o &agrave;s ofertas de seguran&ccedil;a em Nuvem e em fun&ccedil;&atilde;o da expans&atilde;o do trabalho remoto aumentar&atilde;o no mercado De acordo com o mais recente estudo do Gartner, Inc., l&iacute;der mundial em pesquisa e aconselhamento para empresas, [&hellip;]\" \/>\n<meta property=\"og:url\" content=\"https:\/\/abes.org.br\/en\/gartner-preve-que-investimentos-em-seguranca-e-gestao-de-riscos-permanecerao-positivos-em-2020\/\" \/>\n<meta property=\"og:site_name\" content=\"ABES\" \/>\n<meta property=\"article:publisher\" content=\"https:\/\/www.facebook.com\/ABES.software\" \/>\n<meta property=\"article:published_time\" content=\"2020-07-02T00:00:00+00:00\" \/>\n<meta property=\"og:image\" content=\"https:\/\/abes.org.br\/wp-content\/uploads\/2021\/01\/logo_abes_marca_tagline_horizontal_colorido_rgb.png\" \/>\n\t<meta property=\"og:image:width\" content=\"3509\" \/>\n\t<meta property=\"og:image:height\" content=\"2482\" \/>\n\t<meta property=\"og:image:type\" content=\"image\/png\" \/>\n<meta name=\"author\" content=\"prima-dev\" \/>\n<meta name=\"twitter:card\" content=\"summary_large_image\" \/>\n<meta name=\"twitter:creator\" content=\"@ABES_SOFTWARE\" \/>\n<meta name=\"twitter:site\" content=\"@ABES_SOFTWARE\" \/>\n<meta name=\"twitter:label1\" content=\"Written by\" \/>\n\t<meta name=\"twitter:data1\" content=\"prima-dev\" \/>\n\t<meta name=\"twitter:label2\" content=\"Est. reading time\" \/>\n\t<meta name=\"twitter:data2\" content=\"3 minutes\" \/>\n<script type=\"application\/ld+json\" class=\"yoast-schema-graph\">{\"@context\":\"https:\\\/\\\/schema.org\",\"@graph\":[{\"@type\":\"Article\",\"@id\":\"https:\\\/\\\/abes.org.br\\\/gartner-preve-que-investimentos-em-seguranca-e-gestao-de-riscos-permanecerao-positivos-em-2020\\\/#article\",\"isPartOf\":{\"@id\":\"https:\\\/\\\/abes.org.br\\\/gartner-preve-que-investimentos-em-seguranca-e-gestao-de-riscos-permanecerao-positivos-em-2020\\\/\"},\"author\":{\"name\":\"prima-dev\",\"@id\":\"https:\\\/\\\/abes.org.br\\\/#\\\/schema\\\/person\\\/1bad6bff859e7d56ec5664b01968e27e\"},\"headline\":\"Gartner prev\u00ea que investimentos em seguran\u00e7a e gest\u00e3o de riscos permanecer\u00e3o positivos em 2020\",\"datePublished\":\"2020-07-02T00:00:00+00:00\",\"mainEntityOfPage\":{\"@id\":\"https:\\\/\\\/abes.org.br\\\/gartner-preve-que-investimentos-em-seguranca-e-gestao-de-riscos-permanecerao-positivos-em-2020\\\/\"},\"wordCount\":522,\"publisher\":{\"@id\":\"https:\\\/\\\/abes.org.br\\\/#organization\"},\"articleSection\":[\"\u00daltimas not\u00edcias\"],\"inLanguage\":\"en-US\"},{\"@type\":\"WebPage\",\"@id\":\"https:\\\/\\\/abes.org.br\\\/gartner-preve-que-investimentos-em-seguranca-e-gestao-de-riscos-permanecerao-positivos-em-2020\\\/\",\"url\":\"https:\\\/\\\/abes.org.br\\\/gartner-preve-que-investimentos-em-seguranca-e-gestao-de-riscos-permanecerao-positivos-em-2020\\\/\",\"name\":\"Gartner prev\u00ea que investimentos em seguran\u00e7a e gest\u00e3o de riscos permanecer\u00e3o positivos em 2020 - ABES\",\"isPartOf\":{\"@id\":\"https:\\\/\\\/abes.org.br\\\/#website\"},\"datePublished\":\"2020-07-02T00:00:00+00:00\",\"breadcrumb\":{\"@id\":\"https:\\\/\\\/abes.org.br\\\/gartner-preve-que-investimentos-em-seguranca-e-gestao-de-riscos-permanecerao-positivos-em-2020\\\/#breadcrumb\"},\"inLanguage\":\"en-US\",\"potentialAction\":[{\"@type\":\"ReadAction\",\"target\":[\"https:\\\/\\\/abes.org.br\\\/gartner-preve-que-investimentos-em-seguranca-e-gestao-de-riscos-permanecerao-positivos-em-2020\\\/\"]}]},{\"@type\":\"BreadcrumbList\",\"@id\":\"https:\\\/\\\/abes.org.br\\\/gartner-preve-que-investimentos-em-seguranca-e-gestao-de-riscos-permanecerao-positivos-em-2020\\\/#breadcrumb\",\"itemListElement\":[{\"@type\":\"ListItem\",\"position\":1,\"name\":\"In\u00edcio\",\"item\":\"https:\\\/\\\/abes.org.br\\\/\"},{\"@type\":\"ListItem\",\"position\":2,\"name\":\"Gartner prev\u00ea que investimentos em seguran\u00e7a e gest\u00e3o de riscos permanecer\u00e3o positivos em 2020\"}]},{\"@type\":\"WebSite\",\"@id\":\"https:\\\/\\\/abes.org.br\\\/#website\",\"url\":\"https:\\\/\\\/abes.org.br\\\/\",\"name\":\"ABES\",\"description\":\"Associa\u00e7\u00e3o Brasileira das Empresas de Software\",\"publisher\":{\"@id\":\"https:\\\/\\\/abes.org.br\\\/#organization\"},\"potentialAction\":[{\"@type\":\"SearchAction\",\"target\":{\"@type\":\"EntryPoint\",\"urlTemplate\":\"https:\\\/\\\/abes.org.br\\\/?s={search_term_string}\"},\"query-input\":{\"@type\":\"PropertyValueSpecification\",\"valueRequired\":true,\"valueName\":\"search_term_string\"}}],\"inLanguage\":\"en-US\"},{\"@type\":\"Organization\",\"@id\":\"https:\\\/\\\/abes.org.br\\\/#organization\",\"name\":\"Associa\u00e7\u00e3o Brasileira das Empresas de Software\",\"url\":\"https:\\\/\\\/abes.org.br\\\/\",\"logo\":{\"@type\":\"ImageObject\",\"inLanguage\":\"en-US\",\"@id\":\"https:\\\/\\\/abes.org.br\\\/#\\\/schema\\\/logo\\\/image\\\/\",\"url\":\"https:\\\/\\\/abes.org.br\\\/wp-content\\\/uploads\\\/2020\\\/09\\\/logo_abes_marca_d_tagline_horizontal_verde-amarelo_cmyk.png\",\"contentUrl\":\"https:\\\/\\\/abes.org.br\\\/wp-content\\\/uploads\\\/2020\\\/09\\\/logo_abes_marca_d_tagline_horizontal_verde-amarelo_cmyk.png\",\"width\":324,\"height\":70,\"caption\":\"Associa\u00e7\u00e3o Brasileira das Empresas de Software\"},\"image\":{\"@id\":\"https:\\\/\\\/abes.org.br\\\/#\\\/schema\\\/logo\\\/image\\\/\"},\"sameAs\":[\"https:\\\/\\\/www.facebook.com\\\/ABES.software\",\"https:\\\/\\\/x.com\\\/ABES_SOFTWARE\",\"https:\\\/\\\/www.linkedin.com\\\/company\\\/abes-software\\\/\",\"https:\\\/\\\/www.instagram.com\\\/abes_software\\\/\"]},{\"@type\":\"Person\",\"@id\":\"https:\\\/\\\/abes.org.br\\\/#\\\/schema\\\/person\\\/1bad6bff859e7d56ec5664b01968e27e\",\"name\":\"prima-dev\",\"image\":{\"@type\":\"ImageObject\",\"inLanguage\":\"en-US\",\"@id\":\"https:\\\/\\\/secure.gravatar.com\\\/avatar\\\/039c6325210cecd393c57645bc755f7d13deed578fddf4dbfa87bc05dcbcfa4b?s=96&d=mm&r=g\",\"url\":\"https:\\\/\\\/secure.gravatar.com\\\/avatar\\\/039c6325210cecd393c57645bc755f7d13deed578fddf4dbfa87bc05dcbcfa4b?s=96&d=mm&r=g\",\"contentUrl\":\"https:\\\/\\\/secure.gravatar.com\\\/avatar\\\/039c6325210cecd393c57645bc755f7d13deed578fddf4dbfa87bc05dcbcfa4b?s=96&d=mm&r=g\",\"caption\":\"prima-dev\"},\"url\":\"https:\\\/\\\/abes.org.br\\\/en\\\/author\\\/prima-dev\\\/\"}]}<\/script>\n<!-- \/ Yoast SEO plugin. -->","yoast_head_json":{"title":"Gartner prev\u00ea que investimentos em seguran\u00e7a e gest\u00e3o de riscos permanecer\u00e3o positivos em 2020 - ABES","robots":{"index":"index","follow":"follow","max-snippet":"max-snippet:-1","max-image-preview":"max-image-preview:large","max-video-preview":"max-video-preview:-1"},"canonical":"https:\/\/abes.org.br\/en\/gartner-preve-que-investimentos-em-seguranca-e-gestao-de-riscos-permanecerao-positivos-em-2020\/","og_locale":"en_US","og_type":"article","og_title":"Gartner prev\u00ea que investimentos em seguran\u00e7a e gest\u00e3o de riscos permanecer\u00e3o positivos em 2020 - ABES","og_description":"Gartner prev&ecirc; que investimentos em seguran&ccedil;a e gest&atilde;o de riscos permanecer&atilde;o positivos em 2020 Demandas de curto prazo em rela&ccedil;&atilde;o &agrave;s ofertas de seguran&ccedil;a em Nuvem e em fun&ccedil;&atilde;o da expans&atilde;o do trabalho remoto aumentar&atilde;o no mercado De acordo com o mais recente estudo do Gartner, Inc., l&iacute;der mundial em pesquisa e aconselhamento para empresas, [&hellip;]","og_url":"https:\/\/abes.org.br\/en\/gartner-preve-que-investimentos-em-seguranca-e-gestao-de-riscos-permanecerao-positivos-em-2020\/","og_site_name":"ABES","article_publisher":"https:\/\/www.facebook.com\/ABES.software","article_published_time":"2020-07-02T00:00:00+00:00","og_image":[{"width":3509,"height":2482,"url":"https:\/\/abes.org.br\/wp-content\/uploads\/2021\/01\/logo_abes_marca_tagline_horizontal_colorido_rgb.png","type":"image\/png"}],"author":"prima-dev","twitter_card":"summary_large_image","twitter_creator":"@ABES_SOFTWARE","twitter_site":"@ABES_SOFTWARE","twitter_misc":{"Written by":"prima-dev","Est. reading time":"3 minutes"},"schema":{"@context":"https:\/\/schema.org","@graph":[{"@type":"Article","@id":"https:\/\/abes.org.br\/gartner-preve-que-investimentos-em-seguranca-e-gestao-de-riscos-permanecerao-positivos-em-2020\/#article","isPartOf":{"@id":"https:\/\/abes.org.br\/gartner-preve-que-investimentos-em-seguranca-e-gestao-de-riscos-permanecerao-positivos-em-2020\/"},"author":{"name":"prima-dev","@id":"https:\/\/abes.org.br\/#\/schema\/person\/1bad6bff859e7d56ec5664b01968e27e"},"headline":"Gartner prev\u00ea que investimentos em seguran\u00e7a e gest\u00e3o de riscos permanecer\u00e3o positivos em 2020","datePublished":"2020-07-02T00:00:00+00:00","mainEntityOfPage":{"@id":"https:\/\/abes.org.br\/gartner-preve-que-investimentos-em-seguranca-e-gestao-de-riscos-permanecerao-positivos-em-2020\/"},"wordCount":522,"publisher":{"@id":"https:\/\/abes.org.br\/#organization"},"articleSection":["\u00daltimas not\u00edcias"],"inLanguage":"en-US"},{"@type":"WebPage","@id":"https:\/\/abes.org.br\/gartner-preve-que-investimentos-em-seguranca-e-gestao-de-riscos-permanecerao-positivos-em-2020\/","url":"https:\/\/abes.org.br\/gartner-preve-que-investimentos-em-seguranca-e-gestao-de-riscos-permanecerao-positivos-em-2020\/","name":"Gartner prev\u00ea que investimentos em seguran\u00e7a e gest\u00e3o de riscos permanecer\u00e3o positivos em 2020 - ABES","isPartOf":{"@id":"https:\/\/abes.org.br\/#website"},"datePublished":"2020-07-02T00:00:00+00:00","breadcrumb":{"@id":"https:\/\/abes.org.br\/gartner-preve-que-investimentos-em-seguranca-e-gestao-de-riscos-permanecerao-positivos-em-2020\/#breadcrumb"},"inLanguage":"en-US","potentialAction":[{"@type":"ReadAction","target":["https:\/\/abes.org.br\/gartner-preve-que-investimentos-em-seguranca-e-gestao-de-riscos-permanecerao-positivos-em-2020\/"]}]},{"@type":"BreadcrumbList","@id":"https:\/\/abes.org.br\/gartner-preve-que-investimentos-em-seguranca-e-gestao-de-riscos-permanecerao-positivos-em-2020\/#breadcrumb","itemListElement":[{"@type":"ListItem","position":1,"name":"In\u00edcio","item":"https:\/\/abes.org.br\/"},{"@type":"ListItem","position":2,"name":"Gartner prev\u00ea que investimentos em seguran\u00e7a e gest\u00e3o de riscos permanecer\u00e3o positivos em 2020"}]},{"@type":"WebSite","@id":"https:\/\/abes.org.br\/#website","url":"https:\/\/abes.org.br\/","name":"ABES","description":"Brazilian Association of Software Companies","publisher":{"@id":"https:\/\/abes.org.br\/#organization"},"potentialAction":[{"@type":"SearchAction","target":{"@type":"EntryPoint","urlTemplate":"https:\/\/abes.org.br\/?s={search_term_string}"},"query-input":{"@type":"PropertyValueSpecification","valueRequired":true,"valueName":"search_term_string"}}],"inLanguage":"en-US"},{"@type":"Organization","@id":"https:\/\/abes.org.br\/#organization","name":"Brazilian Association of Software Companies","url":"https:\/\/abes.org.br\/","logo":{"@type":"ImageObject","inLanguage":"en-US","@id":"https:\/\/abes.org.br\/#\/schema\/logo\/image\/","url":"https:\/\/abes.org.br\/wp-content\/uploads\/2020\/09\/logo_abes_marca_d_tagline_horizontal_verde-amarelo_cmyk.png","contentUrl":"https:\/\/abes.org.br\/wp-content\/uploads\/2020\/09\/logo_abes_marca_d_tagline_horizontal_verde-amarelo_cmyk.png","width":324,"height":70,"caption":"Associa\u00e7\u00e3o Brasileira das Empresas de Software"},"image":{"@id":"https:\/\/abes.org.br\/#\/schema\/logo\/image\/"},"sameAs":["https:\/\/www.facebook.com\/ABES.software","https:\/\/x.com\/ABES_SOFTWARE","https:\/\/www.linkedin.com\/company\/abes-software\/","https:\/\/www.instagram.com\/abes_software\/"]},{"@type":"Person","@id":"https:\/\/abes.org.br\/#\/schema\/person\/1bad6bff859e7d56ec5664b01968e27e","name":"prima-dev","image":{"@type":"ImageObject","inLanguage":"en-US","@id":"https:\/\/secure.gravatar.com\/avatar\/039c6325210cecd393c57645bc755f7d13deed578fddf4dbfa87bc05dcbcfa4b?s=96&d=mm&r=g","url":"https:\/\/secure.gravatar.com\/avatar\/039c6325210cecd393c57645bc755f7d13deed578fddf4dbfa87bc05dcbcfa4b?s=96&d=mm&r=g","contentUrl":"https:\/\/secure.gravatar.com\/avatar\/039c6325210cecd393c57645bc755f7d13deed578fddf4dbfa87bc05dcbcfa4b?s=96&d=mm&r=g","caption":"prima-dev"},"url":"https:\/\/abes.org.br\/en\/author\/prima-dev\/"}]}},"publishpress_future_action":{"enabled":false,"date":"2026-05-02 01:55:04","action":"change-status","newStatus":"draft","terms":[],"taxonomy":"category","extraData":[]},"publishpress_future_workflow_manual_trigger":{"enabledWorkflows":[]},"_links":{"self":[{"href":"https:\/\/abes.org.br\/en\/wp-json\/wp\/v2\/posts\/10312","targetHints":{"allow":["GET"]}}],"collection":[{"href":"https:\/\/abes.org.br\/en\/wp-json\/wp\/v2\/posts"}],"about":[{"href":"https:\/\/abes.org.br\/en\/wp-json\/wp\/v2\/types\/post"}],"author":[{"embeddable":true,"href":"https:\/\/abes.org.br\/en\/wp-json\/wp\/v2\/users\/2"}],"replies":[{"embeddable":true,"href":"https:\/\/abes.org.br\/en\/wp-json\/wp\/v2\/comments?post=10312"}],"version-history":[{"count":0,"href":"https:\/\/abes.org.br\/en\/wp-json\/wp\/v2\/posts\/10312\/revisions"}],"wp:attachment":[{"href":"https:\/\/abes.org.br\/en\/wp-json\/wp\/v2\/media?parent=10312"}],"wp:term":[{"taxonomy":"category","embeddable":true,"href":"https:\/\/abes.org.br\/en\/wp-json\/wp\/v2\/categories?post=10312"},{"taxonomy":"post_tag","embeddable":true,"href":"https:\/\/abes.org.br\/en\/wp-json\/wp\/v2\/tags?post=10312"}],"curies":[{"name":"wp","href":"https:\/\/api.w.org\/{rel}","templated":true}]}}